{"id":2025,"date":"2023-12-14T15:42:00","date_gmt":"2023-12-14T20:42:00","guid":{"rendered":"https:\/\/cdrhpnq-fnhrdcq.ca\/?p=2025"},"modified":"2023-07-07T10:48:07","modified_gmt":"2023-07-07T14:48:07","slug":"first-nations-labour-market-access","status":"publish","type":"post","link":"https:\/\/cdrhpnq-fnhrdcq.ca\/en\/first-nations-labour-market-access\/","title":{"rendered":"First nations labour market access\u00a0"},"content":{"rendered":"\n<p><\/p>\n\n\n\n<div id=\"wp-block-themeisle-blocks-advanced-columns-0e2e6096\" class=\"wp-block-themeisle-blocks-advanced-columns alignfull has-1-columns has-desktop-equal-layout has-tablet-equal-layout has-mobile-collapsedRows-layout has-reverse-columns-mobile has-vertical-center ticss-c00aadba\"><div class=\"wp-block-themeisle-blocks-advanced-columns-overlay\"><\/div><div class=\"innerblocks-wrap\">\n<div id=\"wp-block-themeisle-blocks-advanced-column-0df8db98\" class=\"wp-block-themeisle-blocks-advanced-column\">\n<div id=\"wp-block-themeisle-blocks-advanced-columns-3aed7db4\" class=\"wp-block-themeisle-blocks-advanced-columns alignfull has-1-columns has-desktop-equal-layout has-tablet-equal-layout has-mobile-collapsedRows-layout has-reverse-columns-mobile has-vertical-center ticss-c00aadba\"><div class=\"wp-block-themeisle-blocks-advanced-columns-overlay\"><\/div><div class=\"innerblocks-wrap\">\n<div id=\"wp-block-themeisle-blocks-advanced-column-9774c366\" class=\"wp-block-themeisle-blocks-advanced-column\">\n<h2 id=\"wp-block-themeisle-blocks-advanced-heading-ed8c6b80\" class=\"wp-block-themeisle-blocks-advanced-heading wp-block-themeisle-blocks-advanced-heading-ed8c6b80\"><strong><strong><span class=\"highlight\"><strong><strong><span class=\"highlight\">First nations <\/span><\/strong><\/strong><\/span><\/strong><\/strong><\/h2>\n\n\n\n<h2 id=\"wp-block-themeisle-blocks-advanced-heading-5eb796ff\" class=\"wp-block-themeisle-blocks-advanced-heading wp-block-themeisle-blocks-advanced-heading-5eb796ff\"><span class=\"highlight\"><strong>labour market access<\/strong><\/span><strong><strong><span class=\"highlight\">&nbsp;<\/span><\/strong><\/strong><\/h2>\n<\/div>\n<\/div><\/div>\n<\/div>\n<\/div><\/div>\n\n\n\n<div id=\"wp-block-themeisle-blocks-font-awesome-icons-1e1a79a3\" class=\"wp-block-themeisle-blocks-font-awesome-icons\"><span class=\"wp-block-themeisle-blocks-font-awesome-icons-container\"><svg xmlns=\"http:\/\/www.w3.org\/2000\/svg\" viewBox=\"0 0 1800 1800\"><path d=\"M241.023,324.818c0.252,0,0.505,0.035,0.758,0.035h465.68c17.266,0,31.256-13.99,31.256-31.252 c0-17.262-13.99-31.247-31.256-31.247H351.021h-109.24c-17.258,0-31.252,13.985-31.252,31.247 C210.529,310.605,224.121,324.412,241.023,324.818z\"><\/path><path d=\"M210.529,450.306c0,17.257,13.994,31.252,31.252,31.252h769.451c17.262,0,31.256-13.995,31.256-31.252 c0-17.266-13.994-31.252-31.256-31.252H241.781C224.523,419.054,210.529,433.04,210.529,450.306z\"><\/path><path d=\"M1011.232,575.751H241.781c-8.149,0-15.549,3.147-21.116,8.261c-6.213,5.712-10.136,13.879-10.136,22.987 c0,17.262,13.994,31.26,31.252,31.26h769.451c17.262,0,31.256-13.999,31.256-31.26c0-9.108-3.923-17.275-10.141-22.987 C1026.781,578.898,1019.386,575.751,1011.232,575.751z\"><\/path><path d=\"M1011.232,732.461H241.781c-17.258,0-31.252,13.99-31.252,31.247c0,17.262,13.994,31.257,31.252,31.257 h769.451c17.262,0,31.256-13.995,31.256-31.257C1042.488,746.451,1028.494,732.461,1011.232,732.461z\"><\/path><path d=\"M1011.232,889.157H241.781c-8.149,0-15.549,3.147-21.116,8.261c-6.213,5.713-10.136,13.879-10.136,22.987 c0,17.257,13.994,31.261,31.252,31.261h769.451c17.262,0,31.256-14.004,31.256-31.261c0-9.108-3.923-17.274-10.141-22.987 C1026.781,892.305,1019.386,889.157,1011.232,889.157z\"><\/path><path d=\"M1011.232,1045.867H241.781c-17.258,0-31.252,13.99-31.252,31.243c0,17.271,13.994,31.265,31.252,31.265 h769.451c17.262,0,31.256-13.994,31.256-31.265C1042.488,1059.857,1028.494,1045.867,1011.232,1045.867z\"><\/path><path d=\"M1011.232,1202.576H241.781c-17.258,0-31.252,13.995-31.252,31.252c0,17.258,13.994,31.252,31.252,31.252 h769.451c17.262,0,31.256-13.994,31.256-31.252C1042.488,1216.571,1028.494,1202.576,1011.232,1202.576z\"><\/path><path d=\"M1011.232,1359.273H241.781c-8.149,0-15.549,3.151-21.116,8.265c-6.213,5.713-10.136,13.875-10.136,22.987 c0,17.258,13.994,31.261,31.252,31.261h769.451c17.262,0,31.256-14.003,31.256-31.261c0-9.112-3.923-17.274-10.141-22.987 C1026.781,1362.425,1019.386,1359.273,1011.232,1359.273z\"><\/path><path d=\"M1233.542,251.228l-49.851-45.109L1052.136,87.076l-59.185-53.554c-5.293-4.792-11.947-7.421-18.786-7.836 h-3.49H83.676c-45.688,0-82.858,37.375-82.858,83.316v1583.612c0,45.94,37.17,83.316,82.858,83.316h1078.562 c45.68,0,82.845-37.376,82.845-83.316V277.08v-3.182C1244.646,264.73,1240.261,256.589,1233.542,251.228z M1003.117,125.864 l131.119,118.657h-131.119V125.864z M1183.691,1692.613c0,12.094-9.622,21.926-21.454,21.926H83.676 c-11.836,0-21.467-9.832-21.467-21.926V109.001c0-12.089,9.631-21.925,21.467-21.925h857.857V275.38 c0,17.052,13.785,30.862,30.786,30.862h211.372V1692.613z\"><\/path><path d=\"M1798.578,180.737c-7.049-88.305-81.114-158.02-171.205-158.02c-0.004,0-0.004,0-0.004,0 c-45.889,0-89.033,17.874-121.479,50.32c-29.18,29.175-46.519,67.005-49.73,107.699h-0.586v13.609c0,0.06-0.005,0.115-0.005,0.175 c0,0.026,0.005,0.056,0.005,0.082l-0.005,1369.26h0.197c0.557,5.404,2.522,10.731,6.047,15.373l141.135,185.91 c5.803,7.648,14.851,12.136,24.447,12.136c9.601-0.004,18.646-4.496,24.447-12.14l141.093-185.897 c3.528-4.65,5.494-9.982,6.051-15.391h0.197V180.737H1798.578z M1549.299,116.448c20.854-20.855,48.578-32.339,78.07-32.339h0.004 c50.24,0,92.746,33.723,106.076,79.718h-212.19C1526.358,146.098,1535.896,129.852,1549.299,116.448z M1595.372,1502.468 l-78.413,0.005l0.005-1260.345h220.828v1260.336h-81.103l0.009-1016.486l-61.335,0.004L1595.372,1502.468z M1627.382,1695.821 l-100.171-131.963l200.338-0.004L1627.382,1695.821z\"><\/path><\/svg><\/span><\/div>\n\n\n\n<div id=\"wp-block-themeisle-blocks-accordion-6df975fe\" class=\"wp-block-themeisle-blocks-accordion exclusive no-gap has-icon has-light-content-bg  has-light-title-bg has-light-active-title-bg\">\n<details class=\"wp-block-themeisle-blocks-accordion-item\"><summary class=\"wp-block-themeisle-blocks-accordion-item__title\"><div><span class=\"highlight\"><strong><strong><strong><span class=\"highlight\">Access to the labour market<\/span><\/strong><\/strong><\/strong><\/span><\/div><\/summary><div class=\"wp-block-themeisle-blocks-accordion-item__content\">\n<p class=\"has-large-font-size\">Access to the labour market for First Nations is an important topic considering the pool of qualified labour they represent and the current labour shortage in Quebec. &nbsp;<\/p>\n\n\n\n<p class=\"has-large-font-size\">Even now, Indigenous people are still marginalized and not always considered by companies, which impacts their economy, social well-being and professional and personal development. However, in recent years, changes have been taking place and resulted in numerous initiatives that allow First Nations to showcase their skills and find a place in the labour market. &nbsp;<\/p>\n\n\n\n<div id=\"wp-block-themeisle-blocks-font-awesome-icons-3b830b72\" class=\"wp-block-themeisle-blocks-font-awesome-icons\"><span class=\"wp-block-themeisle-blocks-font-awesome-icons-container nan-padding\"><i class=\"fas fa-paperclip\"><\/i><\/span><\/div>\n\n\n\n<p class=\"has-large-font-size\">For example, many vocational and technical training programs have been created specifically for Indigenous people, providing them with specialized skills in areas such as construction, skilled trades, computer science and health care. These programs have helped many Indigenous people obtain high-paying jobs and contribute to their local economy.&nbsp;<\/p>\n\n\n\n<p class=\"has-large-font-size\">However, unemployment rates among Indigenous people are still above the national average, as many First Nations members live in remote or rural areas where employment opportunities are limited. Furthermore, discrimination and prejudices persist in some sectors of the economy, making it difficult for Indigenous people to access employment<sup>1<\/sup>.&nbsp;<\/p>\n\n\n\n<div id=\"wp-block-themeisle-blocks-font-awesome-icons-6edb0b28\" class=\"wp-block-themeisle-blocks-font-awesome-icons\"><span class=\"wp-block-themeisle-blocks-font-awesome-icons-container nan-padding\"><i class=\"far fa-compass\"><\/i><\/span><\/div>\n\n\n\n<p class=\"has-large-font-size\">Governments, employers, and Indigenous communities must work together to overcome these challenges to create an inclusive and equitable work environment. It may include initiatives such as cultural awareness for employers, mentoring programs for Indigenous youth, partnerships between governments and communities to develop economic infrastructure and ongoing training programs for Indigenous workers.&nbsp;<\/p>\n\n\n\n<p class=\"has-large-font-size\">In short, the large First Nations labour pool and the progress toward its integration are significant. With continued collaboration and mutual understanding, we can further our efforts to access employment and strengthen Indigenous economies for the well-being of everyone.&nbsp;<\/p>\n\n\n\n<div id=\"wp-block-themeisle-blocks-font-awesome-icons-eb211c3d\" class=\"wp-block-themeisle-blocks-font-awesome-icons\"><span class=\"wp-block-themeisle-blocks-font-awesome-icons-container nan-padding\"><i class=\"fas fa-question\"><\/i><\/span><\/div>\n\n\n\n<p class=\"has-large-font-size\">If you have any questions or need support concerning the various stages of First Nations labour market access and integration, please contact us at info@cdrhpnq.qc.ca.\u202f\u202f&nbsp;<\/p>\n<\/div><\/details>\n<\/div>\n\n\n\n<div id=\"wp-block-themeisle-blocks-font-awesome-icons-99a44187\" class=\"wp-block-themeisle-blocks-font-awesome-icons\"><span class=\"wp-block-themeisle-blocks-font-awesome-icons-container\"><i class=\"fas fa-address-card\"><\/i><\/span><\/div>\n\n\n<div class=\"aligncenter is-style-icons wp-block-themeisle-blocks-sharing-icons\" id=\"wp-block-themeisle-blocks-sharing-icons-1c0444dc\"><div class=\"social-icons-wrap\"><a class=\"social-icon is-facebook\" aria-label=\"Share on Facebook\" href=\"https:\/\/www.facebook.com\/sharer\/sharer.php?u=https:\/\/cdrhpnq-fnhrdcq.ca\/en\/wp-json\/wp\/v2\/posts\/2025&#038;title=First%20nations%20labour%20market%20access\u00a0\" target=\"_blank\"><svg aria-hidden=\"true\" xmlns=\"http:\/\/www.w3.org\/2000\/svg\" viewBox=\"0 0 512 512\"><!--!Font Awesome Free 6.6.0 by @fontawesome - https:\/\/fontawesome.com License - https:\/\/fontawesome.com\/license\/free Copyright 2024 Fonticons, Inc.--><path d=\"M512 256C512 114.6 397.4 0 256 0S0 114.6 0 256C0 376 82.7 476.8 194.2 504.5V334.2H141.4V256h52.8V222.3c0-87.1 39.4-127.5 125-127.5c16.2 0 44.2 3.2 55.7 6.4V172c-6-.6-16.5-1-29.6-1c-42 0-58.2 15.9-58.2 57.2V256h83.6l-14.4 78.2H287V510.1C413.8 494.8 512 386.9 512 256h0z\"\/><\/svg><span class=\"v-line\"><\/span><\/a><a class=\"social-icon is-linkedin\" aria-label=\"Share on LinkedIn\" href=\"https:\/\/www.linkedin.com\/shareArticle?mini=true&#038;url=https:\/\/cdrhpnq-fnhrdcq.ca\/en\/wp-json\/wp\/v2\/posts\/2025&#038;title=First%20nations%20labour%20market%20access\u00a0\" target=\"_blank\"><svg aria-hidden=\"true\" xmlns=\"http:\/\/www.w3.org\/2000\/svg\" viewBox=\"0 0 448 512\"><!--!Font Awesome Free 6.6.0 by @fontawesome - https:\/\/fontawesome.com License - https:\/\/fontawesome.com\/license\/free Copyright 2024 Fonticons, Inc.--><path d=\"M100.3 448H7.4V148.9h92.9zM53.8 108.1C24.1 108.1 0 83.5 0 53.8a53.8 53.8 0 0 1 107.6 0c0 29.7-24.1 54.3-53.8 54.3zM447.9 448h-92.7V302.4c0-34.7-.7-79.2-48.3-79.2-48.3 0-55.7 37.7-55.7 76.7V448h-92.8V148.9h89.1v40.8h1.3c12.4-23.5 42.7-48.3 87.9-48.3 94 0 111.3 61.9 111.3 142.3V448z\"\/><\/svg><span class=\"v-line\"><\/span><\/a><a class=\"social-icon is-email\" aria-label=\"Share via Email\" href=\"mailto:?subject=First%20nations%20labour%20market%20access\u00a0&#038;body=https:\/\/cdrhpnq-fnhrdcq.ca\/en\/wp-json\/wp\/v2\/posts\/2025\" target=\"_blank\"><svg aria-hidden=\"true\" xmlns=\"http:\/\/www.w3.org\/2000\/svg\" viewBox=\"0 0 512 512\"><!--!Font Awesome Free 6.6.0 by @fontawesome - https:\/\/fontawesome.com License - https:\/\/fontawesome.com\/license\/free Copyright 2024 Fonticons, Inc.--><path d=\"M48 64C21.5 64 0 85.5 0 112c0 15.1 7.1 29.3 19.2 38.4L236.8 313.6c11.4 8.5 27 8.5 38.4 0L492.8 150.4c12.1-9.1 19.2-23.3 19.2-38.4c0-26.5-21.5-48-48-48L48 64zM0 176L0 384c0 35.3 28.7 64 64 64l384 0c35.3 0 64-28.7 64-64l0-208L294.4 339.2c-22.8 17.1-54 17.1-76.8 0L0 176z\"\/><\/svg><span class=\"v-line\"><\/span><\/a><a class=\"social-icon is-comments\" aria-label=\"Leave a comment\" href=\"#respond\"><svg aria-hidden=\"true\" xmlns=\"http:\/\/www.w3.org\/2000\/svg\" viewBox=\"0 0 640 512\"><!--!Font Awesome Free 6.6.0 by @fontawesome - https:\/\/fontawesome.com License - https:\/\/fontawesome.com\/license\/free Copyright 2024 Fonticons, Inc.--><path d=\"M88.2 309.1c9.8-18.3 6.8-40.8-7.5-55.8C59.4 230.9 48 204 48 176c0-63.5 63.8-128 160-128s160 64.5 160 128s-63.8 128-160 128c-13.1 0-25.8-1.3-37.8-3.6c-10.4-2-21.2-.6-30.7 4.2c-4.1 2.1-8.3 4.1-12.6 6c-16 7.2-32.9 13.5-49.9 18c2.8-4.6 5.4-9.1 7.9-13.6c1.1-1.9 2.2-3.9 3.2-5.9zM208 352c114.9 0 208-78.8 208-176S322.9 0 208 0S0 78.8 0 176c0 41.8 17.2 80.1 45.9 110.3c-.9 1.7-1.9 3.5-2.8 5.1c-10.3 18.4-22.3 36.5-36.6 52.1c-6.6 7-8.3 17.2-4.6 25.9C5.8 378.3 14.4 384 24 384c43 0 86.5-13.3 122.7-29.7c4.8-2.2 9.6-4.5 14.2-6.8c15.1 3 30.9 4.5 47.1 4.5zM432 480c16.2 0 31.9-1.6 47.1-4.5c4.6 2.3 9.4 4.6 14.2 6.8C529.5 498.7 573 512 616 512c9.6 0 18.2-5.7 22-14.5c3.8-8.8 2-19-4.6-25.9c-14.2-15.6-26.2-33.7-36.6-52.1c-.9-1.7-1.9-3.4-2.8-5.1C622.8 384.1 640 345.8 640 304c0-94.4-87.9-171.5-198.2-175.8c4.1 15.2 6.2 31.2 6.2 47.8l0 .6c87.2 6.7 144 67.5 144 127.4c0 28-11.4 54.9-32.7 77.2c-14.3 15-17.3 37.6-7.5 55.8c1.1 2 2.2 4 3.2 5.9c2.5 4.5 5.2 9 7.9 13.6c-17-4.5-33.9-10.7-49.9-18c-4.3-1.9-8.5-3.9-12.6-6c-9.5-4.8-20.3-6.2-30.7-4.2c-12.1 2.4-24.8 3.6-37.8 3.6c-61.7 0-110-26.5-136.8-62.3c-16 5.4-32.8 9.4-50 11.8C279 439.8 350 480 432 480z\"\/><\/svg><span class=\"v-line\"><\/span><\/a><\/div><\/div><style type=\"text\/css\">#wp-block-themeisle-blocks-sharing-icons-1c0444dc {--icons-gap: 8.8px;--border-radius: 32.8px;}<\/style>","protected":false},"excerpt":{"rendered":"<p>L\u2019acc\u00e8s des Premi\u00e8res Nations au march\u00e9 du travail est un important sujet d\u2019actualit\u00e9 consid\u00e9rant le bassin de main-d\u2019\u0153uvre qualifi\u00e9e qu\u2019elles repr\u00e9sentent et la p\u00e9nurie de main-d\u2019\u0153uvre que nous vivons actuellement partout au Qu\u00e9bec.<\/p>\n","protected":false},"author":11,"featured_media":13812,"comment_status":"closed","ping_status":"closed","sticky":false,"template":"","format":"standard","meta":{"_acf_changed":false,"_themeisle_gutenberg_block_has_review":false,"footnotes":""},"categories":[56,83,218,81,219,220,84,221,64],"class_list":["post-2025","post","type-post","status-publish","format-standard","has-post-thumbnail","hentry","category-actualites-en","category-actuality","category-emploi-en","category-english-2","category-formation-en","category-francais-en","category-news","category-rapports-en","category-ressources-en"],"acf":[],"yoast_head":"<!-- This site is optimized with the Yoast SEO Premium plugin v27.1 (Yoast SEO v27.5) - https:\/\/yoast.com\/product\/yoast-seo-premium-wordpress\/ -->\n<title>First nations labour market access\u00a0 - CDRHPNQ<\/title>\n<meta name=\"description\" content=\"Access to the labour market for First Nations is an important topic considering the pool of qualified labour they represent and the current labour shortage in Quebec. \u00a0\" \/>\n<meta name=\"robots\" content=\"index, follow, max-snippet:-1, max-image-preview:large, max-video-preview:-1\" \/>\n<link rel=\"canonical\" href=\"https:\/\/cdrhpnq-fnhrdcq.ca\/en\/first-nations-labour-market-access\/\" \/>\n<meta property=\"og:locale\" content=\"en_US\" \/>\n<meta property=\"og:type\" content=\"article\" \/>\n<meta property=\"og:title\" content=\"First nations labour market access\u00a0\" \/>\n<meta property=\"og:description\" content=\"Access to the labour market for First Nations is an important topic considering the pool of qualified labour they represent and the current labour shortage in Quebec. \u00a0\" \/>\n<meta property=\"og:url\" content=\"https:\/\/cdrhpnq-fnhrdcq.ca\/en\/first-nations-labour-market-access\/\" \/>\n<meta property=\"og:site_name\" content=\"CDRHPNQ\" \/>\n<meta property=\"article:publisher\" content=\"https:\/\/www.facebook.com\/cdrhpnqfnhrdcq\" \/>\n<meta property=\"article:published_time\" content=\"2023-12-14T20:42:00+00:00\" \/>\n<meta property=\"og:image\" content=\"https:\/\/cdrhpnq-fnhrdcq.ca\/wp-content\/uploads\/2023\/04\/og_cdrhpnq.jpg\" \/>\n\t<meta property=\"og:image:width\" content=\"1200\" \/>\n\t<meta property=\"og:image:height\" content=\"630\" \/>\n\t<meta property=\"og:image:type\" content=\"image\/jpeg\" \/>\n<meta name=\"author\" content=\"Karl Picard\" \/>\n<meta name=\"twitter:card\" content=\"summary_large_image\" \/>\n<meta name=\"twitter:label1\" content=\"Written by\" \/>\n\t<meta name=\"twitter:data1\" content=\"Karl Picard\" \/>\n\t<meta name=\"twitter:label2\" content=\"Est. reading time\" \/>\n\t<meta name=\"twitter:data2\" content=\"2 minutes\" \/>\n<!-- \/ Yoast SEO Premium plugin. -->","yoast_head_json":{"title":"First nations labour market access\u00a0 - CDRHPNQ","description":"Access to the labour market for First Nations is an important topic considering the pool of qualified labour they represent and the current labour shortage in Quebec. \u00a0","robots":{"index":"index","follow":"follow","max-snippet":"max-snippet:-1","max-image-preview":"max-image-preview:large","max-video-preview":"max-video-preview:-1"},"canonical":"https:\/\/cdrhpnq-fnhrdcq.ca\/en\/first-nations-labour-market-access\/","og_locale":"en_US","og_type":"article","og_title":"First nations labour market access\u00a0","og_description":"Access to the labour market for First Nations is an important topic considering the pool of qualified labour they represent and the current labour shortage in Quebec. \u00a0","og_url":"https:\/\/cdrhpnq-fnhrdcq.ca\/en\/first-nations-labour-market-access\/","og_site_name":"CDRHPNQ","article_publisher":"https:\/\/www.facebook.com\/cdrhpnqfnhrdcq","article_published_time":"2023-12-14T20:42:00+00:00","og_image":[{"width":1200,"height":630,"url":"https:\/\/cdrhpnq-fnhrdcq.ca\/wp-content\/uploads\/2023\/04\/og_cdrhpnq.jpg","type":"image\/jpeg"}],"author":"Karl Picard","twitter_card":"summary_large_image","twitter_misc":{"Written by":"Karl Picard","Est. reading time":"2 minutes"},"schema":{"@context":"https:\/\/schema.org","@graph":[{"@type":"Article","@id":"https:\/\/cdrhpnq-fnhrdcq.ca\/en\/first-nations-labour-market-access\/#article","isPartOf":{"@id":"https:\/\/cdrhpnq-fnhrdcq.ca\/en\/first-nations-labour-market-access\/"},"author":{"name":"Karl Picard","@id":"https:\/\/cdrhpnq-fnhrdcq.ca\/#\/schema\/person\/b5d3b6ca76784ba5629751dad6e2a0c0"},"headline":"First nations labour market access\u00a0","datePublished":"2023-12-14T20:42:00+00:00","mainEntityOfPage":{"@id":"https:\/\/cdrhpnq-fnhrdcq.ca\/en\/first-nations-labour-market-access\/"},"wordCount":318,"publisher":{"@id":"https:\/\/cdrhpnq-fnhrdcq.ca\/#organization"},"image":{"@id":"https:\/\/cdrhpnq-fnhrdcq.ca\/en\/first-nations-labour-market-access\/#primaryimage"},"thumbnailUrl":"https:\/\/cdrhpnq-fnhrdcq.ca\/wp-content\/uploads\/2023\/12\/200-5.png","articleSection":["Actualit\u00e9s","Actuality","Emploi","English","Formation","Fran\u00e7ais","News","Rapports","Ressources"],"inLanguage":"en-US"},{"@type":"WebPage","@id":"https:\/\/cdrhpnq-fnhrdcq.ca\/en\/first-nations-labour-market-access\/","url":"https:\/\/cdrhpnq-fnhrdcq.ca\/en\/first-nations-labour-market-access\/","name":"First nations labour market access\u00a0 - CDRHPNQ","isPartOf":{"@id":"https:\/\/cdrhpnq-fnhrdcq.ca\/#website"},"primaryImageOfPage":{"@id":"https:\/\/cdrhpnq-fnhrdcq.ca\/en\/first-nations-labour-market-access\/#primaryimage"},"image":{"@id":"https:\/\/cdrhpnq-fnhrdcq.ca\/en\/first-nations-labour-market-access\/#primaryimage"},"thumbnailUrl":"https:\/\/cdrhpnq-fnhrdcq.ca\/wp-content\/uploads\/2023\/12\/200-5.png","datePublished":"2023-12-14T20:42:00+00:00","description":"Access to the labour market for First Nations is an important topic considering the pool of qualified labour they represent and the current labour shortage in Quebec. \u00a0","breadcrumb":{"@id":"https:\/\/cdrhpnq-fnhrdcq.ca\/en\/first-nations-labour-market-access\/#breadcrumb"},"inLanguage":"en-US","potentialAction":[{"@type":"ReadAction","target":["https:\/\/cdrhpnq-fnhrdcq.ca\/en\/first-nations-labour-market-access\/"]}]},{"@type":"ImageObject","inLanguage":"en-US","@id":"https:\/\/cdrhpnq-fnhrdcq.ca\/en\/first-nations-labour-market-access\/#primaryimage","url":"https:\/\/cdrhpnq-fnhrdcq.ca\/wp-content\/uploads\/2023\/12\/200-5.png","contentUrl":"https:\/\/cdrhpnq-fnhrdcq.ca\/wp-content\/uploads\/2023\/12\/200-5.png","width":900,"height":900},{"@type":"BreadcrumbList","@id":"https:\/\/cdrhpnq-fnhrdcq.ca\/en\/first-nations-labour-market-access\/#breadcrumb","itemListElement":[{"@type":"ListItem","position":1,"name":"Accueil","item":"https:\/\/cdrhpnq-fnhrdcq.ca\/en\/"},{"@type":"ListItem","position":2,"name":"First nations labour market access\u00a0"}]},{"@type":"WebSite","@id":"https:\/\/cdrhpnq-fnhrdcq.ca\/#website","url":"https:\/\/cdrhpnq-fnhrdcq.ca\/","name":"CDRHPNQ-FNRHPNQ","description":"","publisher":{"@id":"https:\/\/cdrhpnq-fnhrdcq.ca\/#organization"},"potentialAction":[{"@type":"SearchAction","target":{"@type":"EntryPoint","urlTemplate":"https:\/\/cdrhpnq-fnhrdcq.ca\/?s={search_term_string}"},"query-input":{"@type":"PropertyValueSpecification","valueRequired":true,"valueName":"search_term_string"}}],"inLanguage":"en-US"},{"@type":"Organization","@id":"https:\/\/cdrhpnq-fnhrdcq.ca\/#organization","name":"CDRHPNQ-FNRHPNQ","url":"https:\/\/cdrhpnq-fnhrdcq.ca\/","logo":{"@type":"ImageObject","inLanguage":"en-US","@id":"https:\/\/cdrhpnq-fnhrdcq.ca\/#\/schema\/logo\/image\/","url":"https:\/\/cdrhpnq-fnhrdcq.ca\/wp-content\/uploads\/2023\/04\/og_cdrhpnq.jpg","contentUrl":"https:\/\/cdrhpnq-fnhrdcq.ca\/wp-content\/uploads\/2023\/04\/og_cdrhpnq.jpg","width":1200,"height":630,"caption":"CDRHPNQ-FNRHPNQ"},"image":{"@id":"https:\/\/cdrhpnq-fnhrdcq.ca\/#\/schema\/logo\/image\/"},"sameAs":["https:\/\/www.facebook.com\/cdrhpnqfnhrdcq"]},{"@type":"Person","@id":"https:\/\/cdrhpnq-fnhrdcq.ca\/#\/schema\/person\/b5d3b6ca76784ba5629751dad6e2a0c0","name":"Karl Picard","image":{"@type":"ImageObject","inLanguage":"en-US","@id":"https:\/\/secure.gravatar.com\/avatar\/8283771cfea12982442ca69d6363d69710101c6a22e71f0d244e88450146cb6c?s=96&d=mm&r=g","url":"https:\/\/secure.gravatar.com\/avatar\/8283771cfea12982442ca69d6363d69710101c6a22e71f0d244e88450146cb6c?s=96&d=mm&r=g","contentUrl":"https:\/\/secure.gravatar.com\/avatar\/8283771cfea12982442ca69d6363d69710101c6a22e71f0d244e88450146cb6c?s=96&d=mm&r=g","caption":"Karl Picard"},"url":"https:\/\/cdrhpnq-fnhrdcq.ca\/en\/author\/karlcom\/"}]}},"_links":{"self":[{"href":"https:\/\/cdrhpnq-fnhrdcq.ca\/en\/wp-json\/wp\/v2\/posts\/2025","targetHints":{"allow":["GET"]}}],"collection":[{"href":"https:\/\/cdrhpnq-fnhrdcq.ca\/en\/wp-json\/wp\/v2\/posts"}],"about":[{"href":"https:\/\/cdrhpnq-fnhrdcq.ca\/en\/wp-json\/wp\/v2\/types\/post"}],"author":[{"embeddable":true,"href":"https:\/\/cdrhpnq-fnhrdcq.ca\/en\/wp-json\/wp\/v2\/users\/11"}],"replies":[{"embeddable":true,"href":"https:\/\/cdrhpnq-fnhrdcq.ca\/en\/wp-json\/wp\/v2\/comments?post=2025"}],"version-history":[{"count":2,"href":"https:\/\/cdrhpnq-fnhrdcq.ca\/en\/wp-json\/wp\/v2\/posts\/2025\/revisions"}],"predecessor-version":[{"id":2112,"href":"https:\/\/cdrhpnq-fnhrdcq.ca\/en\/wp-json\/wp\/v2\/posts\/2025\/revisions\/2112"}],"wp:featuredmedia":[{"embeddable":true,"href":"https:\/\/cdrhpnq-fnhrdcq.ca\/en\/wp-json\/wp\/v2\/media\/13812"}],"wp:attachment":[{"href":"https:\/\/cdrhpnq-fnhrdcq.ca\/en\/wp-json\/wp\/v2\/media?parent=2025"}],"wp:term":[{"taxonomy":"category","embeddable":true,"href":"https:\/\/cdrhpnq-fnhrdcq.ca\/en\/wp-json\/wp\/v2\/categories?post=2025"}],"curies":[{"name":"wp","href":"https:\/\/api.w.org\/{rel}","templated":true}]}}