{"id":19208,"date":"2025-06-04T16:10:39","date_gmt":"2025-06-04T20:10:39","guid":{"rendered":"https:\/\/cdrhpnq-fnhrdcq.ca\/?p=19208"},"modified":"2025-06-04T16:14:05","modified_gmt":"2025-06-04T20:14:05","slug":"eng-gala-rma-2025","status":"publish","type":"post","link":"https:\/\/cdrhpnq-fnhrdcq.ca\/en\/eng-gala-rma-2025\/","title":{"rendered":"GALA RMA 2025: An Evening of Pride, Light and Recognition"},"content":{"rendered":"<div class=\"wp-block-archives-dropdown wp-block-archives\"><label for=\"wp-block-archives-1\" class=\"wp-block-archives__label\">Archives<\/label>\n\t\t<select id=\"wp-block-archives-1\" name=\"archive-dropdown\" onchange=\"document.location.href=this.options[this.selectedIndex].value;\">\n\t\t<option value=\"\">Select Month<\/option>\t<option value='https:\/\/cdrhpnq-fnhrdcq.ca\/en\/2026\/04\/'> April 2026 <\/option>\n\t<option value='https:\/\/cdrhpnq-fnhrdcq.ca\/en\/2026\/02\/'> February 2026 <\/option>\n\t<option value='https:\/\/cdrhpnq-fnhrdcq.ca\/en\/2025\/06\/'> June 2025 <\/option>\n\t<option value='https:\/\/cdrhpnq-fnhrdcq.ca\/en\/2025\/01\/'> January 2025 <\/option>\n\t<option value='https:\/\/cdrhpnq-fnhrdcq.ca\/en\/2024\/07\/'> July 2024 <\/option>\n\t<option value='https:\/\/cdrhpnq-fnhrdcq.ca\/en\/2024\/06\/'> June 2024 <\/option>\n\t<option value='https:\/\/cdrhpnq-fnhrdcq.ca\/en\/2024\/04\/'> April 2024 <\/option>\n\t<option value='https:\/\/cdrhpnq-fnhrdcq.ca\/en\/2024\/02\/'> February 2024 <\/option>\n\t<option value='https:\/\/cdrhpnq-fnhrdcq.ca\/en\/2023\/12\/'> December 2023 <\/option>\n\t<option value='https:\/\/cdrhpnq-fnhrdcq.ca\/en\/2023\/04\/'> April 2023 <\/option>\n\t<option value='https:\/\/cdrhpnq-fnhrdcq.ca\/en\/2023\/03\/'> March 2023 <\/option>\n<\/select><\/div>\n\n\n<div style=\"height:30px\" aria-hidden=\"true\" class=\"wp-block-spacer\"><\/div>\n\n\n\n<figure class=\"wp-block-image size-large is-style-rounded\"><img loading=\"lazy\" decoding=\"async\" width=\"1024\" height=\"683\" src=\"https:\/\/cdrhpnq-fnhrdcq.ca\/wp-content\/uploads\/2025\/06\/10-1024x683.png\" alt=\"GALA RMA 2025\" class=\"wp-image-19242\" srcset=\"https:\/\/cdrhpnq-fnhrdcq.ca\/wp-content\/uploads\/2025\/06\/10-1024x683.png 1024w, https:\/\/cdrhpnq-fnhrdcq.ca\/wp-content\/uploads\/2025\/06\/10-300x200.png 300w, https:\/\/cdrhpnq-fnhrdcq.ca\/wp-content\/uploads\/2025\/06\/10-768x512.png 768w, https:\/\/cdrhpnq-fnhrdcq.ca\/wp-content\/uploads\/2025\/06\/10.png 1536w\" sizes=\"auto, (max-width: 1024px) 100vw, 1024px\" \/><\/figure>\n\n\n\n<div style=\"height:30px\" aria-hidden=\"true\" class=\"wp-block-spacer\"><\/div>\n\n\n<div class=\"wp-block-image\">\n<figure class=\"aligncenter size-full is-resized\"><img loading=\"lazy\" decoding=\"async\" width=\"1024\" height=\"160\" src=\"https:\/\/cdrhpnq-fnhrdcq.ca\/wp-content\/uploads\/2025\/03\/05-1024x160-1.png\" alt=\"\" class=\"wp-image-17677\" style=\"width:230px;height:auto\" srcset=\"https:\/\/cdrhpnq-fnhrdcq.ca\/wp-content\/uploads\/2025\/03\/05-1024x160-1.png 1024w, https:\/\/cdrhpnq-fnhrdcq.ca\/wp-content\/uploads\/2025\/03\/05-1024x160-1-300x47.png 300w, https:\/\/cdrhpnq-fnhrdcq.ca\/wp-content\/uploads\/2025\/03\/05-1024x160-1-768x120.png 768w\" sizes=\"auto, (max-width: 1024px) 100vw, 1024px\" \/><\/figure><\/div>\n\n\n<div style=\"height:30px\" aria-hidden=\"true\" class=\"wp-block-spacer\"><\/div>\n\n\n\n<h2 class=\"wp-block-heading\" id=\"h-gala-rma-2025-an-evening-of-pride-light-and-recognition\" style=\"font-size:46px;font-style:normal;font-weight:800\">GALA <strong>RMA 2025:<\/strong><br><strong>An Evening of Pride, Light and Recognition<\/strong><\/h2>\n\n\n\n<div style=\"height:34px\" aria-hidden=\"true\" class=\"wp-block-spacer\"><\/div>\n\n\n\n<p class=\"has-large-font-size\">On Saturday, May 31, 2025, at 3:00 p.m., guests began arriving. Smiles greeted them at the door. Inside, a gentle atmosphere took shape, carried by the music of \u00c9milie Lavoie-L\u00e9pine and Lou Dunand-Vincent. The mood grew gradually. This wasn\u2019t just a gala; it was a moment to say: \u201cYou did it. We see you. We\u2019re proud.\u201d<\/p>\n\n\n\n<div style=\"height:33px\" aria-hidden=\"true\" class=\"wp-block-spacer\"><\/div>\n\n\n\n<figure class=\"wp-block-gallery has-nested-images columns-default is-cropped wp-block-gallery-2 is-layout-flex wp-block-gallery-is-layout-flex\">\n<figure class=\"wp-block-image size-large is-style-rounded\"><img loading=\"lazy\" decoding=\"async\" width=\"1024\" height=\"683\" data-id=\"19224\" src=\"https:\/\/cdrhpnq-fnhrdcq.ca\/wp-content\/uploads\/2025\/06\/1-1024x683.png\" alt=\"Le samedi 31 mai 2025, \u00e0 15 h, les invit\u00e9\u00b7e\u00b7s ont commenc\u00e9 \u00e0 arriver. \u00c0 l\u2019entr\u00e9e, des sourires. \u00c0 l\u2019int\u00e9rieur, une ambiance douce, port\u00e9e par la guitare d\u2019\u00c9milie Lavoie-L\u00e9pine et Lou Dunand-Vincent au violoncelle. L\u2019atmosph\u00e8re s\u2019installait lentement. Ce n\u2019\u00e9tait pas juste un gala. C\u2019\u00e9tait un moment pour dire : \u00ab Bravo. Vous y \u00eates arriv\u00e9\u00b7e\u00b7s. \u00bb\u00a0GALA RMA 2025\" class=\"wp-image-19224\" srcset=\"https:\/\/cdrhpnq-fnhrdcq.ca\/wp-content\/uploads\/2025\/06\/1-1024x683.png 1024w, https:\/\/cdrhpnq-fnhrdcq.ca\/wp-content\/uploads\/2025\/06\/1-300x200.png 300w, https:\/\/cdrhpnq-fnhrdcq.ca\/wp-content\/uploads\/2025\/06\/1-768x512.png 768w, https:\/\/cdrhpnq-fnhrdcq.ca\/wp-content\/uploads\/2025\/06\/1.png 1536w\" sizes=\"auto, (max-width: 1024px) 100vw, 1024px\" \/><\/figure>\n\n\n\n<figure class=\"wp-block-image size-large is-style-rounded\"><img loading=\"lazy\" decoding=\"async\" width=\"1024\" height=\"683\" data-id=\"19226\" src=\"https:\/\/cdrhpnq-fnhrdcq.ca\/wp-content\/uploads\/2025\/06\/2-1024x683.png\" alt=\"Le samedi 31 mai 2025, \u00e0 15 h, les invit\u00e9\u00b7e\u00b7s ont commenc\u00e9 \u00e0 arriver. \u00c0 l\u2019entr\u00e9e, des sourires. \u00c0 l\u2019int\u00e9rieur, une ambiance douce, port\u00e9e par la guitare d\u2019\u00c9milie Lavoie-L\u00e9pine et Lou Dunand-Vincent au violoncelle. L\u2019atmosph\u00e8re s\u2019installait lentement. Ce n\u2019\u00e9tait pas juste un gala. C\u2019\u00e9tait un moment pour dire : \u00ab Bravo. Vous y \u00eates arriv\u00e9\u00b7e\u00b7s. \u00bb\u00a0GALA RMA 2025\" class=\"wp-image-19226\" srcset=\"https:\/\/cdrhpnq-fnhrdcq.ca\/wp-content\/uploads\/2025\/06\/2-1024x683.png 1024w, https:\/\/cdrhpnq-fnhrdcq.ca\/wp-content\/uploads\/2025\/06\/2-300x200.png 300w, https:\/\/cdrhpnq-fnhrdcq.ca\/wp-content\/uploads\/2025\/06\/2-768x512.png 768w, https:\/\/cdrhpnq-fnhrdcq.ca\/wp-content\/uploads\/2025\/06\/2.png 1536w\" sizes=\"auto, (max-width: 1024px) 100vw, 1024px\" \/><\/figure>\n<\/figure>\n\n\n\n<div style=\"height:33px\" aria-hidden=\"true\" class=\"wp-block-spacer\"><\/div>\n\n\n\n<div style=\"height:30px\" aria-hidden=\"true\" class=\"wp-block-spacer\"><\/div>\n\n\n\n<h2 class=\"wp-block-heading has-x-large-font-size\" id=\"h-a-shared-stage-a-bilingual-welcome\"><strong><strong><strong><em>A shared stage, a bilingual welcome<\/em><\/strong><\/strong><\/strong><\/h2>\n\n\n\n<p class=\"has-large-font-size\">Karl Picard opened the evening with his trademark energy. At his side, Marjorie McRae co-hosted and provided live English translation with professionalism and grace. Together, they guided the evening with warmth, care and a strong sense of connection.<\/p>\n\n\n\n<div style=\"height:33px\" aria-hidden=\"true\" class=\"wp-block-spacer\"><\/div>\n\n\n<div class=\"wp-block-image is-style-rounded\">\n<figure class=\"aligncenter size-large is-resized\"><img loading=\"lazy\" decoding=\"async\" width=\"1536\" height=\"1024\" src=\"https:\/\/cdrhpnq-fnhrdcq.ca\/wp-content\/uploads\/2025\/06\/3-1024x683.png\" alt=\"Sur sc\u00e8ne, Karl Picard a lanc\u00e9 la soir\u00e9e avec son enthousiasme contagieux. \u00c0 ses c\u00f4t\u00e9s, Marjorie McRae assurait avec professionnalisme la coanimation et la traduction des moments cl\u00e9s en anglais. Ensemble, ils ont guid\u00e9 la soir\u00e9e avec respect, chaleur, et une belle complicit\u00e9.\u00a0GALA RMA 2025\" class=\"wp-image-19228\" style=\"object-fit:cover;width:600px;height:400px\" srcset=\"https:\/\/cdrhpnq-fnhrdcq.ca\/wp-content\/uploads\/2025\/06\/3-1024x683.png 1024w, https:\/\/cdrhpnq-fnhrdcq.ca\/wp-content\/uploads\/2025\/06\/3-300x200.png 300w, https:\/\/cdrhpnq-fnhrdcq.ca\/wp-content\/uploads\/2025\/06\/3-768x512.png 768w, https:\/\/cdrhpnq-fnhrdcq.ca\/wp-content\/uploads\/2025\/06\/3.png 1536w\" sizes=\"auto, (max-width: 1536px) 100vw, 1536px\" \/><\/figure><\/div>\n\n\n<div style=\"height:30px\" aria-hidden=\"true\" class=\"wp-block-spacer\"><\/div>\n\n\n\n<h2 class=\"wp-block-heading has-x-large-font-size\" id=\"h-a-heartfelt-tribute-to-liam\"><strong><strong><strong><em>A heartfelt tribute to Liam<\/em><\/strong><\/strong><\/strong><\/h2>\n\n\n\n<p class=\"has-large-font-size\">From the very beginning, emotion filled the room. A tribute honoured Liam John Lewis Larocque, a young graduate who left us too soon. His mother lit a candle in his memory. The silence that followed said it all. A video tribute reminded us of his journey, his spirit, and the importance of remembering those who leave a lasting light behind.<\/p>\n\n\n\n<div style=\"height:30px\" aria-hidden=\"true\" class=\"wp-block-spacer\"><\/div>\n\n\n\n<h2 class=\"wp-block-heading has-x-large-font-size\" id=\"h-a-genuine-message-from-our-director-general\"><strong><strong><strong><em>A genuine message from our Director General<\/em><\/strong><\/strong><\/strong><\/h2>\n\n\n\n<p class=\"has-large-font-size\">Richard Jalbert, Director General of the FNHRDCQ, addressed the graduates with a simple and sincere message: \u201cYou are role models. And we\u2019re proud of you.\u201d No lengthy speech. Just heartfelt recognition.<\/p>\n\n\n\n<div style=\"height:33px\" aria-hidden=\"true\" class=\"wp-block-spacer\"><\/div>\n\n\n<div class=\"wp-block-image is-style-rounded\">\n<figure class=\"aligncenter size-large is-resized\"><img loading=\"lazy\" decoding=\"async\" width=\"1024\" height=\"683\" src=\"https:\/\/cdrhpnq-fnhrdcq.ca\/wp-content\/uploads\/2025\/06\/4-1024x683.png\" alt=\"Richard Jalbert, directeur g\u00e9n\u00e9ral de la CDRHPNQ, a ensuite pris la parole pour saluer la d\u00e9termination des finissant\u00b7e\u00b7s. Son message \u00e9tait simple et vrai : \u00ab Vous \u00eates des mod\u00e8les. Et nous sommes fiers de vous. \u00bb Pas de phrases toutes faites. Juste de la reconnaissance.\u00a0 GALA RMA 2025\" class=\"wp-image-19230\" style=\"object-fit:cover;width:600px;height:400px\" srcset=\"https:\/\/cdrhpnq-fnhrdcq.ca\/wp-content\/uploads\/2025\/06\/4-1024x683.png 1024w, https:\/\/cdrhpnq-fnhrdcq.ca\/wp-content\/uploads\/2025\/06\/4-300x200.png 300w, https:\/\/cdrhpnq-fnhrdcq.ca\/wp-content\/uploads\/2025\/06\/4-768x512.png 768w, https:\/\/cdrhpnq-fnhrdcq.ca\/wp-content\/uploads\/2025\/06\/4.png 1536w\" sizes=\"auto, (max-width: 1024px) 100vw, 1024px\" \/><\/figure><\/div>\n\n\n<div style=\"height:33px\" aria-hidden=\"true\" class=\"wp-block-spacer\"><\/div>\n\n\n\n<h2 class=\"wp-block-heading has-x-large-font-size\" id=\"h-words-of-encouragement-from-ghislain-picard\"><strong><strong><strong><strong><em>Words of encouragement from Ghislain Picard<\/em><\/strong><\/strong><\/strong><\/strong><\/h2>\n\n\n\n<p class=\"has-large-font-size\">Former AFNQL Chief and current Associate Professor at HEC Montr\u00e9al, Ghislain Picard, shared words filled with wisdom. He spoke of pride in the graduate\u2019s journeys, highlighting their courage, perseverance, and the strength passed on through generations.<\/p>\n\n\n\n<div style=\"height:33px\" aria-hidden=\"true\" class=\"wp-block-spacer\"><\/div>\n\n\n<div class=\"wp-block-image is-style-rounded\">\n<figure class=\"aligncenter size-large is-resized\"><img loading=\"lazy\" decoding=\"async\" width=\"1024\" height=\"683\" src=\"https:\/\/cdrhpnq-fnhrdcq.ca\/wp-content\/uploads\/2025\/06\/8-1024x683.png\" alt=\"GALA RMA 2025\" class=\"wp-image-19238\" style=\"object-fit:cover;width:600px;height:400px\" srcset=\"https:\/\/cdrhpnq-fnhrdcq.ca\/wp-content\/uploads\/2025\/06\/8-1024x683.png 1024w, https:\/\/cdrhpnq-fnhrdcq.ca\/wp-content\/uploads\/2025\/06\/8-300x200.png 300w, https:\/\/cdrhpnq-fnhrdcq.ca\/wp-content\/uploads\/2025\/06\/8-768x512.png 768w, https:\/\/cdrhpnq-fnhrdcq.ca\/wp-content\/uploads\/2025\/06\/8.png 1536w\" sizes=\"auto, (max-width: 1024px) 100vw, 1024px\" \/><\/figure><\/div>\n\n\n<div style=\"height:33px\" aria-hidden=\"true\" class=\"wp-block-spacer\"><\/div>\n\n\n<div class=\"wp-block-image\">\n<figure class=\"aligncenter size-full is-resized\"><img loading=\"lazy\" decoding=\"async\" width=\"1024\" height=\"160\" src=\"https:\/\/cdrhpnq-fnhrdcq.ca\/wp-content\/uploads\/2025\/03\/05-1024x160-1.png\" alt=\"Un message d\u2019encouragement de Ghislain Picard\u00a0\" class=\"wp-image-17677\" style=\"width:230px;height:auto\" srcset=\"https:\/\/cdrhpnq-fnhrdcq.ca\/wp-content\/uploads\/2025\/03\/05-1024x160-1.png 1024w, https:\/\/cdrhpnq-fnhrdcq.ca\/wp-content\/uploads\/2025\/03\/05-1024x160-1-300x47.png 300w, https:\/\/cdrhpnq-fnhrdcq.ca\/wp-content\/uploads\/2025\/03\/05-1024x160-1-768x120.png 768w\" sizes=\"auto, (max-width: 1024px) 100vw, 1024px\" \/><\/figure><\/div>\n\n\n<div style=\"height:30px\" aria-hidden=\"true\" class=\"wp-block-spacer\"><\/div>\n\n\n\n<h2 class=\"wp-block-heading has-x-large-font-size\" id=\"h-messages-from-near-and-far\"><strong><strong><strong><strong><strong><em>Messages from near and far<\/em><\/strong><\/strong><\/strong><\/strong><\/strong><\/h2>\n\n\n\n<p class=\"has-large-font-size\">Video messages of congratulations followed, sent by political and community leaders:<br>&#8211; <strong>Ian Lafreni\u00e8re<\/strong>, Minister Responsible for Relations with First Nations and Inuit<br>&#8211; <strong>Kateri Champagne Jourdain,<\/strong> Minister of Employment<br>&#8211; <strong>Grand Chief Scott Martin<\/strong>, from the community of <strong>Listuguj<\/strong>.<br>&#8211; <strong>Grand Chief Pierre Picard<\/strong>, from the community of <strong>Wendake<\/strong>.<br>&#8211; <strong>Grand Chief Cody Diabo<\/strong>, from the community of <strong>Kahnaw\u00e0:ke<\/strong>.<br><br>Each message acknowledged the importance of the graduates\u2019 achievements in their own way.<\/p>\n\n\n\n<div style=\"height:30px\" aria-hidden=\"true\" class=\"wp-block-spacer\"><\/div>\n\n\n\n<h2 class=\"wp-block-heading has-x-large-font-size\" id=\"h-support-that-continues-after-graduation\"><strong><strong><strong><strong><strong><em>Support that continues after graduation<\/em><\/strong><\/strong><\/strong><\/strong><\/strong><\/h2>\n\n\n\n<p class=\"has-large-font-size\">Jamie Houle and Fanny St-Pierre from the Urban Services team reminded everyone that support doesn\u2019t stop at graduation. The graduates\u2019 journeys will go on to inspire others and they will never walk alone.<\/p>\n\n\n\n<div style=\"height:30px\" aria-hidden=\"true\" class=\"wp-block-spacer\"><\/div>\n\n\n<div class=\"wp-block-image is-style-rounded\">\n<figure class=\"aligncenter size-large is-resized\"><img loading=\"lazy\" decoding=\"async\" width=\"1024\" height=\"683\" src=\"https:\/\/cdrhpnq-fnhrdcq.ca\/wp-content\/uploads\/2025\/06\/5-1024x683.png\" alt=\"L\u2019accompagnement continue GALA RMA 2025\" class=\"wp-image-19232\" style=\"object-fit:cover;width:600px;height:400px\" srcset=\"https:\/\/cdrhpnq-fnhrdcq.ca\/wp-content\/uploads\/2025\/06\/5-1024x683.png 1024w, https:\/\/cdrhpnq-fnhrdcq.ca\/wp-content\/uploads\/2025\/06\/5-300x200.png 300w, https:\/\/cdrhpnq-fnhrdcq.ca\/wp-content\/uploads\/2025\/06\/5-768x512.png 768w, https:\/\/cdrhpnq-fnhrdcq.ca\/wp-content\/uploads\/2025\/06\/5.png 1536w\" sizes=\"auto, (max-width: 1024px) 100vw, 1024px\" \/><\/figure><\/div>\n\n\n<div style=\"height:30px\" aria-hidden=\"true\" class=\"wp-block-spacer\"><\/div>\n\n\n\n<h2 class=\"wp-block-heading has-x-large-font-size\" id=\"h-every-graduate-in-the-spotlight\"><strong><strong><strong><strong><strong><strong><em>Every graduate in the spotlight<\/em><\/strong><\/strong><\/strong><\/strong><\/strong><\/strong><\/h2>\n\n\n\n<p class=\"has-large-font-size\">One by one, graduates were honoured. Names, faces, and programs were shown on screen. The room filled with applause. A group photo was taken. Eyes sparkled with pride. Everyone there understood how much it took to get to that moment.<\/p>\n\n\n\n<div style=\"height:30px\" aria-hidden=\"true\" class=\"wp-block-spacer\"><\/div>\n\n\n\n<h2 class=\"wp-block-heading has-x-large-font-size\" id=\"h-fueling-the-future-with-scholarships\"><strong><strong><strong><strong><strong><strong><em>Fueling the future with scholarships<\/em><\/strong><\/strong><\/strong><\/strong><\/strong><\/strong><\/h2>\n\n\n\n<p class=\"has-large-font-size\">The scholarship ceremony followed, highlighting the support of our valued partners :\u00a0<br>&#8211; Hydro-Qu\u00e9bec, repr\u00e9sent\u00e9e par Marie-Claude Durant\u00a0<br>&#8211; The Desjardins team, represented by Guilaine Lehoux<br>&#8211; FNHRDCQ, represented by Richard Jalbert and Michael Fortin\u00a0<br>&#8211; Service Canada, represented by F\u00e9lix Moffat<br><br>We sincerely thank all our partners who make these scholarships possible..<\/p>\n\n\n\n<div style=\"height:30px\" aria-hidden=\"true\" class=\"wp-block-spacer\"><\/div>\n\n\n\n<figure class=\"wp-block-gallery has-nested-images columns-default is-cropped wp-block-gallery-3 is-layout-flex wp-block-gallery-is-layout-flex\">\n<figure class=\"wp-block-image size-large is-style-rounded\"><img loading=\"lazy\" decoding=\"async\" width=\"1024\" height=\"683\" data-id=\"19248\" src=\"https:\/\/cdrhpnq-fnhrdcq.ca\/wp-content\/uploads\/2025\/06\/13-1024x683.png\" alt=\"GALA RMA 2025\" class=\"wp-image-19248\" srcset=\"https:\/\/cdrhpnq-fnhrdcq.ca\/wp-content\/uploads\/2025\/06\/13-1024x683.png 1024w, https:\/\/cdrhpnq-fnhrdcq.ca\/wp-content\/uploads\/2025\/06\/13-300x200.png 300w, https:\/\/cdrhpnq-fnhrdcq.ca\/wp-content\/uploads\/2025\/06\/13-768x512.png 768w, https:\/\/cdrhpnq-fnhrdcq.ca\/wp-content\/uploads\/2025\/06\/13.png 1536w\" sizes=\"auto, (max-width: 1024px) 100vw, 1024px\" \/><\/figure>\n\n\n\n<figure class=\"wp-block-image size-large is-style-rounded\"><img loading=\"lazy\" decoding=\"async\" width=\"1024\" height=\"683\" data-id=\"19246\" src=\"https:\/\/cdrhpnq-fnhrdcq.ca\/wp-content\/uploads\/2025\/06\/12-1024x683.png\" alt=\"GALA RMA 2025\" class=\"wp-image-19246\" srcset=\"https:\/\/cdrhpnq-fnhrdcq.ca\/wp-content\/uploads\/2025\/06\/12-1024x683.png 1024w, https:\/\/cdrhpnq-fnhrdcq.ca\/wp-content\/uploads\/2025\/06\/12-300x200.png 300w, https:\/\/cdrhpnq-fnhrdcq.ca\/wp-content\/uploads\/2025\/06\/12-768x512.png 768w, https:\/\/cdrhpnq-fnhrdcq.ca\/wp-content\/uploads\/2025\/06\/12.png 1536w\" sizes=\"auto, (max-width: 1024px) 100vw, 1024px\" \/><\/figure>\n<\/figure>\n\n\n\n<div style=\"height:30px\" aria-hidden=\"true\" class=\"wp-block-spacer\"><\/div>\n\n\n\n<h2 class=\"wp-block-heading has-x-large-font-size\" id=\"h-our-generous-partners\"><strong><strong><strong><strong><strong><em><strong><em>Our generous partners<\/em><\/strong><\/em><\/strong><\/strong><\/strong><\/strong><\/strong><\/h2>\n\n\n\n<p class=\"has-large-font-size\">&#8211; Platinum: Hydro-Qu\u00e9bec, Desjardins\u00a0<br>&#8211; Gold: Kina8at, Soci\u00e9t\u00e9 du Plan Nord, Autorit\u00e9 des march\u00e9s financiers\u00a0<br>&#8211; Silver: CSSSPNQL, RBA, CCQ\u00a0<br>&#8211; Bronze: Forage Orbit Garant Inc., Carrefour jeunesse-emploi Duplessis, Brauchaud, Agnico Eagle Mines, CMAC, Ville de Val-d\u2019Or\u00a0<br><\/p>\n\n\n\n<figure class=\"wp-block-image size-large\"><img loading=\"lazy\" decoding=\"async\" width=\"1024\" height=\"576\" src=\"https:\/\/cdrhpnq-fnhrdcq.ca\/wp-content\/uploads\/2025\/06\/presentation-rma-2025-1024x576.png\" alt=\"Les partenaires \u00e9taient nombreux et g\u00e9n\u00e9reux\n\n- Platine : Hydro-Qu\u00e9bec, Desjardins\u00a0\n- Or : Kina8at, Soci\u00e9t\u00e9 du Plan Nord, Autorit\u00e9 des march\u00e9s financiers\u00a0\n- Argent : CSSSPNQL, RBA, CCQ\u00a0\n- Bronze : Forage Orbit Garant Inc., Carrefour jeunesse-emploi Duplessis, Brauchaud, Mines Agnico Eagle, CMAC, Ville de Val-d\u2019Or GALA RMA 2025\" class=\"wp-image-19274\" srcset=\"https:\/\/cdrhpnq-fnhrdcq.ca\/wp-content\/uploads\/2025\/06\/presentation-rma-2025-1024x576.png 1024w, https:\/\/cdrhpnq-fnhrdcq.ca\/wp-content\/uploads\/2025\/06\/presentation-rma-2025-300x169.png 300w, https:\/\/cdrhpnq-fnhrdcq.ca\/wp-content\/uploads\/2025\/06\/presentation-rma-2025-768x432.png 768w, https:\/\/cdrhpnq-fnhrdcq.ca\/wp-content\/uploads\/2025\/06\/presentation-rma-2025.png 1280w\" sizes=\"auto, (max-width: 1024px) 100vw, 1024px\" \/><\/figure>\n\n\n\n<div style=\"height:30px\" aria-hidden=\"true\" class=\"wp-block-spacer\"><\/div>\n\n\n\n<h2 class=\"wp-block-heading has-x-large-font-size\" id=\"h-stories-laughter-and-real-moments\"><strong><em>Stories, laughter and real moments<\/em><\/strong><\/h2>\n\n\n\n<p class=\"has-large-font-size\">Dinner was served. Four courses, soft music, and open mics.A brave graduate was the first to take the mic and share his journey. His words were honest, simple, and deeply moving. The applause said it all. Inspired by the moment, Karl then shared his own story, creating a space of connection, pride, and shared experience.<\/p>\n\n\n\n<div style=\"height:30px\" aria-hidden=\"true\" class=\"wp-block-spacer\"><\/div>\n\n\n<div class=\"wp-block-image is-style-rounded\">\n<figure class=\"aligncenter size-large is-resized\"><img loading=\"lazy\" decoding=\"async\" width=\"1024\" height=\"683\" src=\"https:\/\/cdrhpnq-fnhrdcq.ca\/wp-content\/uploads\/2025\/06\/dsc_0741-1024x683.jpg\" alt=\"Partages, rires, et histoires vraies\u00a0 GALA RMA 2025\" class=\"wp-image-19277\" style=\"object-fit:cover;width:600px;height:400px\" srcset=\"https:\/\/cdrhpnq-fnhrdcq.ca\/wp-content\/uploads\/2025\/06\/dsc_0741-1024x683.jpg 1024w, https:\/\/cdrhpnq-fnhrdcq.ca\/wp-content\/uploads\/2025\/06\/dsc_0741-300x200.jpg 300w, https:\/\/cdrhpnq-fnhrdcq.ca\/wp-content\/uploads\/2025\/06\/dsc_0741-768x512.jpg 768w, https:\/\/cdrhpnq-fnhrdcq.ca\/wp-content\/uploads\/2025\/06\/dsc_0741-1536x1024.jpg 1536w, https:\/\/cdrhpnq-fnhrdcq.ca\/wp-content\/uploads\/2025\/06\/dsc_0741-2000x1333.jpg 2000w\" sizes=\"auto, (max-width: 1024px) 100vw, 1024px\" \/><\/figure><\/div>\n\n\n<div style=\"height:30px\" aria-hidden=\"true\" class=\"wp-block-spacer\"><\/div>\n\n\n\n<h2 class=\"wp-block-heading has-x-large-font-size\" id=\"h-prizes-surprises-and-music\"><strong><strong><strong><strong><strong><em><strong><em>Prizes, surprises, and music<\/em><\/strong><\/em><\/strong><\/strong><\/strong><\/strong><\/strong><\/h2>\n\n\n\n<p class=\"has-large-font-size\">Excitement returned with the door prize draws. Special thanks to Sarah-Jane Bouchard for her generous donation. Then, the band Talk Tone took the stage with a jazz and blues set to wrap up the evening.\u00a0<\/p>\n\n\n\n<div style=\"height:30px\" aria-hidden=\"true\" class=\"wp-block-spacer\"><\/div>\n\n\n<div class=\"wp-block-image is-style-rounded\">\n<figure class=\"aligncenter size-large is-resized\"><img loading=\"lazy\" decoding=\"async\" width=\"1024\" height=\"683\" src=\"https:\/\/cdrhpnq-fnhrdcq.ca\/wp-content\/uploads\/2025\/06\/table-rma-1024x683.png\" alt=\"Des prix, des surprises, et de la musique GALA RMA 2025\" class=\"wp-image-19281\" style=\"object-fit:cover;width:600px;height:400px\" srcset=\"https:\/\/cdrhpnq-fnhrdcq.ca\/wp-content\/uploads\/2025\/06\/table-rma-1024x683.png 1024w, https:\/\/cdrhpnq-fnhrdcq.ca\/wp-content\/uploads\/2025\/06\/table-rma-300x200.png 300w, https:\/\/cdrhpnq-fnhrdcq.ca\/wp-content\/uploads\/2025\/06\/table-rma-768x512.png 768w, https:\/\/cdrhpnq-fnhrdcq.ca\/wp-content\/uploads\/2025\/06\/table-rma-1536x1024.png 1536w, https:\/\/cdrhpnq-fnhrdcq.ca\/wp-content\/uploads\/2025\/06\/table-rma.png 2048w\" sizes=\"auto, (max-width: 1024px) 100vw, 1024px\" \/><\/figure><\/div>\n\n\n<div style=\"height:30px\" aria-hidden=\"true\" class=\"wp-block-spacer\"><\/div>\n\n\n\n<h2 class=\"wp-block-heading has-x-large-font-size\" id=\"h-a-flame-and-a-final-thought\"><strong><strong><strong><strong><strong><strong><strong><em>A flame, and a final thought<\/em><\/strong><\/strong><\/strong><\/strong><\/strong><\/strong><\/strong><\/h2>\n\n\n\n<p class=\"has-large-font-size\">Before closing, the candle for Liam was gently extinguished. One last moment of silence. A tribute. A reminder that every journey matters, even the shortest ones\u00a0<\/p>\n\n\n\n<div style=\"height:30px\" aria-hidden=\"true\" class=\"wp-block-spacer\"><\/div>\n\n\n\n<p class=\"has-large-font-size\">Thank you to all the graduates.<br>Thank you to the families, partners, staff and guests.<br>Thank you to everyone who helped make this evening unforgettable.<\/p>\n\n\n\n<p class=\"has-large-font-size\"> \u00a0<br><\/p>\n\n\n\n<div style=\"height:30px\" aria-hidden=\"true\" class=\"wp-block-spacer\"><\/div>\n\n\n<div class=\"wp-block-image is-style-rounded\">\n<figure class=\"aligncenter size-large is-resized\"><img loading=\"lazy\" decoding=\"async\" width=\"1024\" height=\"683\" src=\"https:\/\/cdrhpnq-fnhrdcq.ca\/wp-content\/uploads\/2025\/06\/11-1024x683.png\" alt=\"\" class=\"wp-image-19244\" style=\"width:696px;height:auto\" srcset=\"https:\/\/cdrhpnq-fnhrdcq.ca\/wp-content\/uploads\/2025\/06\/11-1024x683.png 1024w, https:\/\/cdrhpnq-fnhrdcq.ca\/wp-content\/uploads\/2025\/06\/11-300x200.png 300w, https:\/\/cdrhpnq-fnhrdcq.ca\/wp-content\/uploads\/2025\/06\/11-768x512.png 768w, https:\/\/cdrhpnq-fnhrdcq.ca\/wp-content\/uploads\/2025\/06\/11.png 1536w\" sizes=\"auto, (max-width: 1024px) 100vw, 1024px\" \/><\/figure><\/div>\n\n\n<div style=\"height:30px\" aria-hidden=\"true\" class=\"wp-block-spacer\"><\/div>\n\n\n\n<p class=\"has-large-font-size\"><em>See you in 2026.<\/em><br>\u00a0<br>Tiawenhk !\u00a0<\/p>\n\n\n<div class=\"wp-block-image\">\n<figure class=\"aligncenter size-full is-resized\"><img loading=\"lazy\" decoding=\"async\" width=\"1024\" height=\"160\" src=\"https:\/\/cdrhpnq-fnhrdcq.ca\/wp-content\/uploads\/2025\/03\/05-1024x160-1.png\" alt=\"\" class=\"wp-image-17677\" style=\"width:230px;height:auto\" srcset=\"https:\/\/cdrhpnq-fnhrdcq.ca\/wp-content\/uploads\/2025\/03\/05-1024x160-1.png 1024w, https:\/\/cdrhpnq-fnhrdcq.ca\/wp-content\/uploads\/2025\/03\/05-1024x160-1-300x47.png 300w, https:\/\/cdrhpnq-fnhrdcq.ca\/wp-content\/uploads\/2025\/03\/05-1024x160-1-768x120.png 768w\" sizes=\"auto, (max-width: 1024px) 100vw, 1024px\" \/><\/figure><\/div>\n\n\n<div style=\"height:30px\" aria-hidden=\"true\" class=\"wp-block-spacer\"><\/div>\n\n\n\n<p>.<\/p>\n\n\n\n<div id=\"wp-block-themeisle-blocks-advanced-columns-3a9117ee\" class=\"wp-block-themeisle-blocks-advanced-columns alignfull has-1-columns has-desktop-equal-layout has-tablet-equal-layout has-mobile-collapsedRows-layout has-reverse-columns-mobile has-vertical-center ticss-c00aadba animated fadeIn delay-200ms\"><div class=\"wp-block-themeisle-blocks-advanced-columns-overlay\"><\/div><div class=\"innerblocks-wrap\">\n<div id=\"wp-block-themeisle-blocks-advanced-column-3e01017c\" class=\"wp-block-themeisle-blocks-advanced-column\">\n<h1 id=\"wp-block-themeisle-blocks-advanced-heading-5d5675df\" class=\"wp-block-themeisle-blocks-advanced-heading wp-block-themeisle-blocks-advanced-heading-5d5675df\">Join us<\/h1>\n\n\n\n<div class=\"wp-block-buttons is-content-justification-center is-layout-flex wp-container-core-buttons-is-layout-16018d1d wp-block-buttons-is-layout-flex\">\n<div class=\"wp-block-button is-style-fill\"><a class=\"wp-block-button__link has-grey-200-background-color has-background wp-element-button\" href=\"https:\/\/www.facebook.com\/cdrhpnqfnhrdcq\/\" target=\"_blank\" rel=\"noreferrer noopener\">Join our Facebook page<\/a><\/div>\n<\/div>\n<\/div>\n<\/div><\/div>\n\n\n\n<div style=\"height:100px\" aria-hidden=\"true\" class=\"wp-block-spacer\"><\/div>\n\n\n<div class=\"aligncenter is-style-icons animated fadeIn wp-block-themeisle-blocks-sharing-icons\" id=\"wp-block-themeisle-blocks-sharing-icons-1339a66e\"><div class=\"social-icons-wrap\"><a class=\"social-icon is-facebook\" aria-label=\"Share on Facebook\" href=\"https:\/\/www.facebook.com\/sharer\/sharer.php?u=https:\/\/cdrhpnq-fnhrdcq.ca\/en\/wp-json\/wp\/v2\/posts\/19208&#038;title=GALA%20RMA%202025:%20An%20Evening%20of%20Pride,%20Light%20and%20Recognition\" target=\"_blank\"><svg aria-hidden=\"true\" xmlns=\"http:\/\/www.w3.org\/2000\/svg\" viewBox=\"0 0 512 512\"><!--!Font Awesome Free 6.6.0 by @fontawesome - https:\/\/fontawesome.com License - https:\/\/fontawesome.com\/license\/free Copyright 2024 Fonticons, Inc.--><path d=\"M512 256C512 114.6 397.4 0 256 0S0 114.6 0 256C0 376 82.7 476.8 194.2 504.5V334.2H141.4V256h52.8V222.3c0-87.1 39.4-127.5 125-127.5c16.2 0 44.2 3.2 55.7 6.4V172c-6-.6-16.5-1-29.6-1c-42 0-58.2 15.9-58.2 57.2V256h83.6l-14.4 78.2H287V510.1C413.8 494.8 512 386.9 512 256h0z\"\/><\/svg><span class=\"v-line\"><\/span><\/a><a class=\"social-icon is-linkedin\" aria-label=\"Share on LinkedIn\" href=\"https:\/\/www.linkedin.com\/shareArticle?mini=true&#038;url=https:\/\/cdrhpnq-fnhrdcq.ca\/en\/wp-json\/wp\/v2\/posts\/19208&#038;title=GALA%20RMA%202025:%20An%20Evening%20of%20Pride,%20Light%20and%20Recognition\" target=\"_blank\"><svg aria-hidden=\"true\" xmlns=\"http:\/\/www.w3.org\/2000\/svg\" viewBox=\"0 0 448 512\"><!--!Font Awesome Free 6.6.0 by @fontawesome - https:\/\/fontawesome.com License - https:\/\/fontawesome.com\/license\/free Copyright 2024 Fonticons, Inc.--><path d=\"M100.3 448H7.4V148.9h92.9zM53.8 108.1C24.1 108.1 0 83.5 0 53.8a53.8 53.8 0 0 1 107.6 0c0 29.7-24.1 54.3-53.8 54.3zM447.9 448h-92.7V302.4c0-34.7-.7-79.2-48.3-79.2-48.3 0-55.7 37.7-55.7 76.7V448h-92.8V148.9h89.1v40.8h1.3c12.4-23.5 42.7-48.3 87.9-48.3 94 0 111.3 61.9 111.3 142.3V448z\"\/><\/svg><span class=\"v-line\"><\/span><\/a><a class=\"social-icon is-email\" aria-label=\"Share via Email\" href=\"mailto:?subject=GALA%20RMA%202025:%20An%20Evening%20of%20Pride,%20Light%20and%20Recognition&#038;body=https:\/\/cdrhpnq-fnhrdcq.ca\/en\/wp-json\/wp\/v2\/posts\/19208\" target=\"_blank\"><svg aria-hidden=\"true\" xmlns=\"http:\/\/www.w3.org\/2000\/svg\" viewBox=\"0 0 512 512\"><!--!Font Awesome Free 6.6.0 by @fontawesome - https:\/\/fontawesome.com License - https:\/\/fontawesome.com\/license\/free Copyright 2024 Fonticons, Inc.--><path d=\"M48 64C21.5 64 0 85.5 0 112c0 15.1 7.1 29.3 19.2 38.4L236.8 313.6c11.4 8.5 27 8.5 38.4 0L492.8 150.4c12.1-9.1 19.2-23.3 19.2-38.4c0-26.5-21.5-48-48-48L48 64zM0 176L0 384c0 35.3 28.7 64 64 64l384 0c35.3 0 64-28.7 64-64l0-208L294.4 339.2c-22.8 17.1-54 17.1-76.8 0L0 176z\"\/><\/svg><span class=\"v-line\"><\/span><\/a><a class=\"social-icon is-comments\" aria-label=\"Leave a comment\" href=\"#respond\"><svg aria-hidden=\"true\" xmlns=\"http:\/\/www.w3.org\/2000\/svg\" viewBox=\"0 0 640 512\"><!--!Font Awesome Free 6.6.0 by @fontawesome - https:\/\/fontawesome.com License - https:\/\/fontawesome.com\/license\/free Copyright 2024 Fonticons, Inc.--><path d=\"M88.2 309.1c9.8-18.3 6.8-40.8-7.5-55.8C59.4 230.9 48 204 48 176c0-63.5 63.8-128 160-128s160 64.5 160 128s-63.8 128-160 128c-13.1 0-25.8-1.3-37.8-3.6c-10.4-2-21.2-.6-30.7 4.2c-4.1 2.1-8.3 4.1-12.6 6c-16 7.2-32.9 13.5-49.9 18c2.8-4.6 5.4-9.1 7.9-13.6c1.1-1.9 2.2-3.9 3.2-5.9zM208 352c114.9 0 208-78.8 208-176S322.9 0 208 0S0 78.8 0 176c0 41.8 17.2 80.1 45.9 110.3c-.9 1.7-1.9 3.5-2.8 5.1c-10.3 18.4-22.3 36.5-36.6 52.1c-6.6 7-8.3 17.2-4.6 25.9C5.8 378.3 14.4 384 24 384c43 0 86.5-13.3 122.7-29.7c4.8-2.2 9.6-4.5 14.2-6.8c15.1 3 30.9 4.5 47.1 4.5zM432 480c16.2 0 31.9-1.6 47.1-4.5c4.6 2.3 9.4 4.6 14.2 6.8C529.5 498.7 573 512 616 512c9.6 0 18.2-5.7 22-14.5c3.8-8.8 2-19-4.6-25.9c-14.2-15.6-26.2-33.7-36.6-52.1c-.9-1.7-1.9-3.4-2.8-5.1C622.8 384.1 640 345.8 640 304c0-94.4-87.9-171.5-198.2-175.8c4.1 15.2 6.2 31.2 6.2 47.8l0 .6c87.2 6.7 144 67.5 144 127.4c0 28-11.4 54.9-32.7 77.2c-14.3 15-17.3 37.6-7.5 55.8c1.1 2 2.2 4 3.2 5.9c2.5 4.5 5.2 9 7.9 13.6c-17-4.5-33.9-10.7-49.9-18c-4.3-1.9-8.5-3.9-12.6-6c-9.5-4.8-20.3-6.2-30.7-4.2c-12.1 2.4-24.8 3.6-37.8 3.6c-61.7 0-110-26.5-136.8-62.3c-16 5.4-32.8 9.4-50 11.8C279 439.8 350 480 432 480z\"\/><\/svg><span class=\"v-line\"><\/span><\/a><\/div><\/div><style type=\"text\/css\">#wp-block-themeisle-blocks-sharing-icons-1339a66e {--icons-gap: 8.8px;--border-radius: 32.8px;}<\/style>\n\n\n<div style=\"height:100px\" aria-hidden=\"true\" class=\"wp-block-spacer\"><\/div>\n\n\n<form role=\"search\" method=\"get\" action=\"https:\/\/cdrhpnq-fnhrdcq.ca\/en\/\" class=\"wp-block-search__button-outside wp-block-search__text-button wp-block-search\"    ><label class=\"wp-block-search__label\" for=\"wp-block-search__input-4\" >Rechercher<\/label><div class=\"wp-block-search__inside-wrapper \" ><input class=\"wp-block-search__input\" id=\"wp-block-search__input-4\" placeholder=\"\" value=\"\" type=\"search\" name=\"s\" required \/><button aria-label=\"Rechercher\" class=\"wp-block-search__button wp-element-button\" type=\"submit\" >Rechercher<\/button><\/div><\/form>\n\n<ul class=\"wp-block-latest-posts__list wp-block-latest-posts\"><li><a class=\"wp-block-latest-posts__post-title\" href=\"https:\/\/cdrhpnq-fnhrdcq.ca\/en\/30-years-action-rooted-in-who-we-are\/\">30th anniversary : 30 Years of Action, Rooted in Who We Are<\/a><\/li>\n<li><a class=\"wp-block-latest-posts__post-title\" href=\"https:\/\/cdrhpnq-fnhrdcq.ca\/en\/30th-anniversary-logos-visual-identity-fnhrdcq\/\">30th Anniversary of the FNHRDCQ | Logos and Visual Identity<\/a><\/li>\n<li><a class=\"wp-block-latest-posts__post-title\" href=\"https:\/\/cdrhpnq-fnhrdcq.ca\/en\/eng-gala-rma-2025\/\">GALA RMA 2025: An Evening of Pride, Light and Recognition<\/a><\/li>\n<li><a class=\"wp-block-latest-posts__post-title\" href=\"https:\/\/cdrhpnq-fnhrdcq.ca\/en\/international-education-day\/\">International Education Day<\/a><\/li>\n<li><a class=\"wp-block-latest-posts__post-title\" href=\"https:\/\/cdrhpnq-fnhrdcq.ca\/en\/blog-fnhrdcq\/\">Introduction to FNHRDCQ: Who Are We?\u00a0<\/a><\/li>\n<\/ul>\n\n\n<p><\/p>\n","protected":false},"excerpt":{"rendered":"<p>Our history, objectives, and mission reflect our commitment to improving the quality of life and employment prospects in First Nations communities across Quebec.<\/p>\n","protected":false},"author":11,"featured_media":19307,"comment_status":"closed","ping_status":"closed","sticky":false,"template":"","format":"standard","meta":{"_acf_changed":false,"_themeisle_gutenberg_block_has_review":false,"footnotes":""},"categories":[56,83,218,81,219,79,220,84,1,221,64],"class_list":["post-19208","post","type-post","status-publish","format-standard","has-post-thumbnail","hentry","category-actualites-en","category-actuality","category-emploi-en","category-english-2","category-formation-en","category-francais","category-francais-en","category-news","category-non-classifiee","category-rapports-en","category-ressources-en"],"acf":[],"yoast_head":"<!-- This site is optimized with the Yoast SEO Premium plugin v27.1 (Yoast SEO v27.5) - https:\/\/yoast.com\/product\/yoast-seo-premium-wordpress\/ -->\n<title>GALA RMA 2025: An Evening of Pride, Light and Recognition<\/title>\n<meta name=\"description\" content=\"GALA RMA 2025: An Evening of Pride, Light and Recognition\" \/>\n<meta name=\"robots\" content=\"index, follow, max-snippet:-1, max-image-preview:large, max-video-preview:-1\" \/>\n<link rel=\"canonical\" href=\"https:\/\/cdrhpnq-fnhrdcq.ca\/en\/eng-gala-rma-2025\/\" \/>\n<meta property=\"og:locale\" content=\"en_US\" \/>\n<meta property=\"og:type\" content=\"article\" \/>\n<meta property=\"og:title\" content=\"GALA RMA 2025: An Evening of Pride, Light and Recognition\" \/>\n<meta property=\"og:description\" content=\"GALA RMA 2025: An Evening of Pride, Light and Recognition\" \/>\n<meta property=\"og:url\" content=\"https:\/\/cdrhpnq-fnhrdcq.ca\/en\/eng-gala-rma-2025\/\" \/>\n<meta property=\"og:site_name\" content=\"CDRHPNQ\" \/>\n<meta property=\"article:publisher\" content=\"https:\/\/www.facebook.com\/cdrhpnqfnhrdcq\" \/>\n<meta property=\"article:published_time\" content=\"2025-06-04T20:10:39+00:00\" \/>\n<meta property=\"article:modified_time\" content=\"2025-06-04T20:14:05+00:00\" \/>\n<meta property=\"og:image\" content=\"https:\/\/cdrhpnq-fnhrdcq.ca\/wp-content\/uploads\/2025\/06\/logo_rma_2025_2-4.png\" \/>\n\t<meta property=\"og:image:width\" content=\"1563\" \/>\n\t<meta property=\"og:image:height\" content=\"1563\" \/>\n\t<meta property=\"og:image:type\" content=\"image\/png\" \/>\n<meta name=\"author\" content=\"Karl Picard\" \/>\n<meta name=\"twitter:card\" content=\"summary_large_image\" \/>\n<meta name=\"twitter:label1\" content=\"Written by\" \/>\n\t<meta name=\"twitter:data1\" content=\"Karl Picard\" \/>\n\t<meta name=\"twitter:label2\" content=\"Est. reading time\" \/>\n\t<meta name=\"twitter:data2\" content=\"7 minutes\" \/>\n<!-- \/ Yoast SEO Premium plugin. -->","yoast_head_json":{"title":"GALA RMA 2025: An Evening of Pride, Light and Recognition","description":"GALA RMA 2025: An Evening of Pride, Light and Recognition","robots":{"index":"index","follow":"follow","max-snippet":"max-snippet:-1","max-image-preview":"max-image-preview:large","max-video-preview":"max-video-preview:-1"},"canonical":"https:\/\/cdrhpnq-fnhrdcq.ca\/en\/eng-gala-rma-2025\/","og_locale":"en_US","og_type":"article","og_title":"GALA RMA 2025: An Evening of Pride, Light and Recognition","og_description":"GALA RMA 2025: An Evening of Pride, Light and Recognition","og_url":"https:\/\/cdrhpnq-fnhrdcq.ca\/en\/eng-gala-rma-2025\/","og_site_name":"CDRHPNQ","article_publisher":"https:\/\/www.facebook.com\/cdrhpnqfnhrdcq","article_published_time":"2025-06-04T20:10:39+00:00","article_modified_time":"2025-06-04T20:14:05+00:00","og_image":[{"width":1563,"height":1563,"url":"https:\/\/cdrhpnq-fnhrdcq.ca\/wp-content\/uploads\/2025\/06\/logo_rma_2025_2-4.png","type":"image\/png"}],"author":"Karl Picard","twitter_card":"summary_large_image","twitter_misc":{"Written by":"Karl Picard","Est. reading time":"7 minutes"},"schema":{"@context":"https:\/\/schema.org","@graph":[{"@type":"Article","@id":"https:\/\/cdrhpnq-fnhrdcq.ca\/en\/eng-gala-rma-2025\/#article","isPartOf":{"@id":"https:\/\/cdrhpnq-fnhrdcq.ca\/en\/eng-gala-rma-2025\/"},"author":{"name":"Karl Picard","@id":"https:\/\/cdrhpnq-fnhrdcq.ca\/#\/schema\/person\/b5d3b6ca76784ba5629751dad6e2a0c0"},"headline":"GALA RMA 2025: An Evening of Pride, Light and Recognition","datePublished":"2025-06-04T20:10:39+00:00","dateModified":"2025-06-04T20:14:05+00:00","mainEntityOfPage":{"@id":"https:\/\/cdrhpnq-fnhrdcq.ca\/en\/eng-gala-rma-2025\/"},"wordCount":701,"publisher":{"@id":"https:\/\/cdrhpnq-fnhrdcq.ca\/#organization"},"image":{"@id":"https:\/\/cdrhpnq-fnhrdcq.ca\/en\/eng-gala-rma-2025\/#primaryimage"},"thumbnailUrl":"https:\/\/cdrhpnq-fnhrdcq.ca\/wp-content\/uploads\/2025\/06\/logo_rma_2025_2-4.png","articleSection":["Actualit\u00e9s","Actuality","Emploi","English","Formation","Fran\u00e7ais","Fran\u00e7ais","News","Non classifi\u00e9(e)","Rapports","Ressources"],"inLanguage":"en-US"},{"@type":"WebPage","@id":"https:\/\/cdrhpnq-fnhrdcq.ca\/en\/eng-gala-rma-2025\/","url":"https:\/\/cdrhpnq-fnhrdcq.ca\/en\/eng-gala-rma-2025\/","name":"GALA RMA 2025: An Evening of Pride, Light and Recognition","isPartOf":{"@id":"https:\/\/cdrhpnq-fnhrdcq.ca\/#website"},"primaryImageOfPage":{"@id":"https:\/\/cdrhpnq-fnhrdcq.ca\/en\/eng-gala-rma-2025\/#primaryimage"},"image":{"@id":"https:\/\/cdrhpnq-fnhrdcq.ca\/en\/eng-gala-rma-2025\/#primaryimage"},"thumbnailUrl":"https:\/\/cdrhpnq-fnhrdcq.ca\/wp-content\/uploads\/2025\/06\/logo_rma_2025_2-4.png","datePublished":"2025-06-04T20:10:39+00:00","dateModified":"2025-06-04T20:14:05+00:00","description":"GALA RMA 2025: An Evening of Pride, Light and Recognition","breadcrumb":{"@id":"https:\/\/cdrhpnq-fnhrdcq.ca\/en\/eng-gala-rma-2025\/#breadcrumb"},"inLanguage":"en-US","potentialAction":[{"@type":"ReadAction","target":["https:\/\/cdrhpnq-fnhrdcq.ca\/en\/eng-gala-rma-2025\/"]}]},{"@type":"ImageObject","inLanguage":"en-US","@id":"https:\/\/cdrhpnq-fnhrdcq.ca\/en\/eng-gala-rma-2025\/#primaryimage","url":"https:\/\/cdrhpnq-fnhrdcq.ca\/wp-content\/uploads\/2025\/06\/logo_rma_2025_2-4.png","contentUrl":"https:\/\/cdrhpnq-fnhrdcq.ca\/wp-content\/uploads\/2025\/06\/logo_rma_2025_2-4.png","width":1563,"height":1563},{"@type":"BreadcrumbList","@id":"https:\/\/cdrhpnq-fnhrdcq.ca\/en\/eng-gala-rma-2025\/#breadcrumb","itemListElement":[{"@type":"ListItem","position":1,"name":"Accueil","item":"https:\/\/cdrhpnq-fnhrdcq.ca\/en\/"},{"@type":"ListItem","position":2,"name":"GALA RMA 2025: An Evening of Pride, Light and Recognition"}]},{"@type":"WebSite","@id":"https:\/\/cdrhpnq-fnhrdcq.ca\/#website","url":"https:\/\/cdrhpnq-fnhrdcq.ca\/","name":"CDRHPNQ-FNRHPNQ","description":"","publisher":{"@id":"https:\/\/cdrhpnq-fnhrdcq.ca\/#organization"},"potentialAction":[{"@type":"SearchAction","target":{"@type":"EntryPoint","urlTemplate":"https:\/\/cdrhpnq-fnhrdcq.ca\/?s={search_term_string}"},"query-input":{"@type":"PropertyValueSpecification","valueRequired":true,"valueName":"search_term_string"}}],"inLanguage":"en-US"},{"@type":"Organization","@id":"https:\/\/cdrhpnq-fnhrdcq.ca\/#organization","name":"CDRHPNQ-FNRHPNQ","url":"https:\/\/cdrhpnq-fnhrdcq.ca\/","logo":{"@type":"ImageObject","inLanguage":"en-US","@id":"https:\/\/cdrhpnq-fnhrdcq.ca\/#\/schema\/logo\/image\/","url":"https:\/\/cdrhpnq-fnhrdcq.ca\/wp-content\/uploads\/2023\/04\/og_cdrhpnq.jpg","contentUrl":"https:\/\/cdrhpnq-fnhrdcq.ca\/wp-content\/uploads\/2023\/04\/og_cdrhpnq.jpg","width":1200,"height":630,"caption":"CDRHPNQ-FNRHPNQ"},"image":{"@id":"https:\/\/cdrhpnq-fnhrdcq.ca\/#\/schema\/logo\/image\/"},"sameAs":["https:\/\/www.facebook.com\/cdrhpnqfnhrdcq"]},{"@type":"Person","@id":"https:\/\/cdrhpnq-fnhrdcq.ca\/#\/schema\/person\/b5d3b6ca76784ba5629751dad6e2a0c0","name":"Karl Picard","image":{"@type":"ImageObject","inLanguage":"en-US","@id":"https:\/\/secure.gravatar.com\/avatar\/8283771cfea12982442ca69d6363d69710101c6a22e71f0d244e88450146cb6c?s=96&d=mm&r=g","url":"https:\/\/secure.gravatar.com\/avatar\/8283771cfea12982442ca69d6363d69710101c6a22e71f0d244e88450146cb6c?s=96&d=mm&r=g","contentUrl":"https:\/\/secure.gravatar.com\/avatar\/8283771cfea12982442ca69d6363d69710101c6a22e71f0d244e88450146cb6c?s=96&d=mm&r=g","caption":"Karl Picard"},"url":"https:\/\/cdrhpnq-fnhrdcq.ca\/en\/author\/karlcom\/"}]}},"_links":{"self":[{"href":"https:\/\/cdrhpnq-fnhrdcq.ca\/en\/wp-json\/wp\/v2\/posts\/19208","targetHints":{"allow":["GET"]}}],"collection":[{"href":"https:\/\/cdrhpnq-fnhrdcq.ca\/en\/wp-json\/wp\/v2\/posts"}],"about":[{"href":"https:\/\/cdrhpnq-fnhrdcq.ca\/en\/wp-json\/wp\/v2\/types\/post"}],"author":[{"embeddable":true,"href":"https:\/\/cdrhpnq-fnhrdcq.ca\/en\/wp-json\/wp\/v2\/users\/11"}],"replies":[{"embeddable":true,"href":"https:\/\/cdrhpnq-fnhrdcq.ca\/en\/wp-json\/wp\/v2\/comments?post=19208"}],"version-history":[{"count":2,"href":"https:\/\/cdrhpnq-fnhrdcq.ca\/en\/wp-json\/wp\/v2\/posts\/19208\/revisions"}],"predecessor-version":[{"id":19338,"href":"https:\/\/cdrhpnq-fnhrdcq.ca\/en\/wp-json\/wp\/v2\/posts\/19208\/revisions\/19338"}],"wp:featuredmedia":[{"embeddable":true,"href":"https:\/\/cdrhpnq-fnhrdcq.ca\/en\/wp-json\/wp\/v2\/media\/19307"}],"wp:attachment":[{"href":"https:\/\/cdrhpnq-fnhrdcq.ca\/en\/wp-json\/wp\/v2\/media?parent=19208"}],"wp:term":[{"taxonomy":"category","embeddable":true,"href":"https:\/\/cdrhpnq-fnhrdcq.ca\/en\/wp-json\/wp\/v2\/categories?post=19208"}],"curies":[{"name":"wp","href":"https:\/\/api.w.org\/{rel}","templated":true}]}}