{"id":16238,"date":"2025-01-14T08:32:10","date_gmt":"2025-01-14T13:32:10","guid":{"rendered":"https:\/\/cdrhpnq-fnhrdcq.ca\/?p=16238"},"modified":"2025-01-14T08:39:20","modified_gmt":"2025-01-14T13:39:20","slug":"international-education-day","status":"publish","type":"post","link":"https:\/\/cdrhpnq-fnhrdcq.ca\/en\/international-education-day\/","title":{"rendered":"International Education Day"},"content":{"rendered":"\n<p class=\"has-large-font-size\">\ud83d\udcda <strong>Education: A Key to the Future!<\/strong><\/p>\n\n\n\n<p class=\"has-large-font-size\">On this <em>International Education Day<\/em>, the <strong>First Nations Human Resources Development Commission of Quebec (FNHRDCQ)<\/strong> reaffirms its commitment to supporting <strong>First Nations<\/strong> and <strong>Inuit<\/strong> in their educational and professional journeys.<\/p>\n\n\n\n<div style=\"height:30px\" aria-hidden=\"true\" class=\"wp-block-spacer\"><\/div>\n\n\n\n<p class=\"has-x-large-font-size\">\ud83d\udca1 <strong>Indigenous Education and Employability:<\/strong><\/p>\n\n\n\n<p class=\"has-x-large-font-size\">Whether you are considering returning to school, acquiring new skills, or transitioning back into the workforce, the FNHRDCQ is here to support you every step of the way.<\/p>\n\n\n\n<div style=\"height:30px\" aria-hidden=\"true\" class=\"wp-block-spacer\"><\/div>\n\n\n\n<p class=\"has-x-large-font-size\">\ud83d\udcbc <strong>Services Offered by the FNHRDCQ:<\/strong><\/p>\n\n\n\n<p class=\"has-large-font-size\"><strong>Personalized Counseling:<\/strong><\/p>\n\n\n\n<ul class=\"wp-block-list has-large-font-size\">\n<li class=\"has-large-font-size\">Assess your situation and create a customized action plan.<\/li>\n\n\n\n<li class=\"has-large-font-size\">Guide you through training opportunities and administrative processes.<\/li>\n\n\n\n<li class=\"has-large-font-size\">Assist with writing resumes and cover letters.<\/li>\n\n\n\n<li class=\"has-large-font-size\">Prepare you for job interviews.<\/li>\n<\/ul>\n\n\n\n<div style=\"height:30px\" aria-hidden=\"true\" class=\"wp-block-spacer\"><\/div>\n\n\n\n<p class=\"has-large-font-size\"><strong>Training and Development:<\/strong><\/p>\n\n\n\n<p class=\"has-large-font-size\">Whether you are seeking general, professional, or complementary training, the FNHRDCQ helps you develop your skills and achieve your goals.<\/p>\n\n\n\n<div style=\"height:30px\" aria-hidden=\"true\" class=\"wp-block-spacer\"><\/div>\n\n\n\n<p class=\"has-large-font-size\"><strong>Employment and Training Service Centers (ETSC):<\/strong><\/p>\n\n\n\n<p class=\"has-large-font-size\">With 31 centers located in 27 Indigenous communities and 4 urban centers (Montreal, Quebec City, Val-d\u2019Or, and Sept-\u00celes), our advisors are available to provide local support for your initiatives.<\/p>\n\n\n\n<div style=\"height:30px\" aria-hidden=\"true\" class=\"wp-block-spacer\"><\/div>\n\n\n\n<p class=\"has-text-align-center has-large-font-size\">\ud83d\ude4c <strong>Contact our ETSC advisors for personalized guidance and access to all our resources.<\/strong><\/p>\n\n\n\n<p class=\"has-text-align-center has-large-font-size\">\ud83d\udd17 <strong>Explore our services:<\/strong> <a href=\"https:\/\/cdrhpnq-fnhrdcq.ca\">FNHRDCQ Services<\/a><\/p>\n\n\n\n<div style=\"height:30px\" aria-hidden=\"true\" class=\"wp-block-spacer\"><\/div>\n\n\n\n<p>.<\/p>\n\n\n\n<div id=\"wp-block-themeisle-blocks-advanced-columns-bca0d9d7\" class=\"wp-block-themeisle-blocks-advanced-columns alignfull has-1-columns has-desktop-equal-layout has-tablet-equal-layout has-mobile-collapsedRows-layout has-reverse-columns-mobile has-vertical-center ticss-c00aadba animated fadeIn delay-500ms\"><div class=\"wp-block-themeisle-blocks-advanced-columns-overlay\"><\/div><div class=\"innerblocks-wrap\">\n<div id=\"wp-block-themeisle-blocks-advanced-column-21247672\" class=\"wp-block-themeisle-blocks-advanced-column\">\n<h1 id=\"wp-block-themeisle-blocks-advanced-heading-b6969eff\" class=\"wp-block-themeisle-blocks-advanced-heading wp-block-themeisle-blocks-advanced-heading-b6969eff\">Join us<\/h1>\n\n\n\n<div class=\"wp-block-buttons is-content-justification-center is-layout-flex wp-container-core-buttons-is-layout-16018d1d wp-block-buttons-is-layout-flex\">\n<div class=\"wp-block-button is-style-fill\"><a class=\"wp-block-button__link has-grey-200-background-color has-background wp-element-button\" href=\"https:\/\/www.facebook.com\/cdrhpnqfnhrdcq\/\" target=\"_blank\" rel=\"noreferrer noopener\">Join our Facebook page<\/a><\/div>\n<\/div>\n<\/div>\n<\/div><\/div>\n\n\n\n<div style=\"height:100px\" aria-hidden=\"true\" class=\"wp-block-spacer\"><\/div>\n\n\n<div class=\"aligncenter is-style-icons animated fadeIn wp-block-themeisle-blocks-sharing-icons\" id=\"wp-block-themeisle-blocks-sharing-icons-1339a66e\"><div class=\"social-icons-wrap\"><a class=\"social-icon is-facebook\" aria-label=\"Share on Facebook\" href=\"https:\/\/www.facebook.com\/sharer\/sharer.php?u=https:\/\/cdrhpnq-fnhrdcq.ca\/en\/wp-json\/wp\/v2\/posts\/16238&#038;title=International%20Education%20Day\" target=\"_blank\"><svg aria-hidden=\"true\" xmlns=\"http:\/\/www.w3.org\/2000\/svg\" viewBox=\"0 0 512 512\"><!--!Font Awesome Free 6.6.0 by @fontawesome - https:\/\/fontawesome.com License - https:\/\/fontawesome.com\/license\/free Copyright 2024 Fonticons, Inc.--><path d=\"M512 256C512 114.6 397.4 0 256 0S0 114.6 0 256C0 376 82.7 476.8 194.2 504.5V334.2H141.4V256h52.8V222.3c0-87.1 39.4-127.5 125-127.5c16.2 0 44.2 3.2 55.7 6.4V172c-6-.6-16.5-1-29.6-1c-42 0-58.2 15.9-58.2 57.2V256h83.6l-14.4 78.2H287V510.1C413.8 494.8 512 386.9 512 256h0z\"\/><\/svg><span class=\"v-line\"><\/span><\/a><a class=\"social-icon is-linkedin\" aria-label=\"Share on LinkedIn\" href=\"https:\/\/www.linkedin.com\/shareArticle?mini=true&#038;url=https:\/\/cdrhpnq-fnhrdcq.ca\/en\/wp-json\/wp\/v2\/posts\/16238&#038;title=International%20Education%20Day\" target=\"_blank\"><svg aria-hidden=\"true\" xmlns=\"http:\/\/www.w3.org\/2000\/svg\" viewBox=\"0 0 448 512\"><!--!Font Awesome Free 6.6.0 by @fontawesome - https:\/\/fontawesome.com License - https:\/\/fontawesome.com\/license\/free Copyright 2024 Fonticons, Inc.--><path d=\"M100.3 448H7.4V148.9h92.9zM53.8 108.1C24.1 108.1 0 83.5 0 53.8a53.8 53.8 0 0 1 107.6 0c0 29.7-24.1 54.3-53.8 54.3zM447.9 448h-92.7V302.4c0-34.7-.7-79.2-48.3-79.2-48.3 0-55.7 37.7-55.7 76.7V448h-92.8V148.9h89.1v40.8h1.3c12.4-23.5 42.7-48.3 87.9-48.3 94 0 111.3 61.9 111.3 142.3V448z\"\/><\/svg><span class=\"v-line\"><\/span><\/a><a class=\"social-icon is-email\" aria-label=\"Share via Email\" href=\"mailto:?subject=International%20Education%20Day&#038;body=https:\/\/cdrhpnq-fnhrdcq.ca\/en\/wp-json\/wp\/v2\/posts\/16238\" target=\"_blank\"><svg aria-hidden=\"true\" xmlns=\"http:\/\/www.w3.org\/2000\/svg\" viewBox=\"0 0 512 512\"><!--!Font Awesome Free 6.6.0 by @fontawesome - https:\/\/fontawesome.com License - https:\/\/fontawesome.com\/license\/free Copyright 2024 Fonticons, Inc.--><path d=\"M48 64C21.5 64 0 85.5 0 112c0 15.1 7.1 29.3 19.2 38.4L236.8 313.6c11.4 8.5 27 8.5 38.4 0L492.8 150.4c12.1-9.1 19.2-23.3 19.2-38.4c0-26.5-21.5-48-48-48L48 64zM0 176L0 384c0 35.3 28.7 64 64 64l384 0c35.3 0 64-28.7 64-64l0-208L294.4 339.2c-22.8 17.1-54 17.1-76.8 0L0 176z\"\/><\/svg><span class=\"v-line\"><\/span><\/a><a class=\"social-icon is-comments\" aria-label=\"Leave a comment\" href=\"#respond\"><svg aria-hidden=\"true\" xmlns=\"http:\/\/www.w3.org\/2000\/svg\" viewBox=\"0 0 640 512\"><!--!Font Awesome Free 6.6.0 by @fontawesome - https:\/\/fontawesome.com License - https:\/\/fontawesome.com\/license\/free Copyright 2024 Fonticons, Inc.--><path d=\"M88.2 309.1c9.8-18.3 6.8-40.8-7.5-55.8C59.4 230.9 48 204 48 176c0-63.5 63.8-128 160-128s160 64.5 160 128s-63.8 128-160 128c-13.1 0-25.8-1.3-37.8-3.6c-10.4-2-21.2-.6-30.7 4.2c-4.1 2.1-8.3 4.1-12.6 6c-16 7.2-32.9 13.5-49.9 18c2.8-4.6 5.4-9.1 7.9-13.6c1.1-1.9 2.2-3.9 3.2-5.9zM208 352c114.9 0 208-78.8 208-176S322.9 0 208 0S0 78.8 0 176c0 41.8 17.2 80.1 45.9 110.3c-.9 1.7-1.9 3.5-2.8 5.1c-10.3 18.4-22.3 36.5-36.6 52.1c-6.6 7-8.3 17.2-4.6 25.9C5.8 378.3 14.4 384 24 384c43 0 86.5-13.3 122.7-29.7c4.8-2.2 9.6-4.5 14.2-6.8c15.1 3 30.9 4.5 47.1 4.5zM432 480c16.2 0 31.9-1.6 47.1-4.5c4.6 2.3 9.4 4.6 14.2 6.8C529.5 498.7 573 512 616 512c9.6 0 18.2-5.7 22-14.5c3.8-8.8 2-19-4.6-25.9c-14.2-15.6-26.2-33.7-36.6-52.1c-.9-1.7-1.9-3.4-2.8-5.1C622.8 384.1 640 345.8 640 304c0-94.4-87.9-171.5-198.2-175.8c4.1 15.2 6.2 31.2 6.2 47.8l0 .6c87.2 6.7 144 67.5 144 127.4c0 28-11.4 54.9-32.7 77.2c-14.3 15-17.3 37.6-7.5 55.8c1.1 2 2.2 4 3.2 5.9c2.5 4.5 5.2 9 7.9 13.6c-17-4.5-33.9-10.7-49.9-18c-4.3-1.9-8.5-3.9-12.6-6c-9.5-4.8-20.3-6.2-30.7-4.2c-12.1 2.4-24.8 3.6-37.8 3.6c-61.7 0-110-26.5-136.8-62.3c-16 5.4-32.8 9.4-50 11.8C279 439.8 350 480 432 480z\"\/><\/svg><span class=\"v-line\"><\/span><\/a><\/div><\/div><style type=\"text\/css\">#wp-block-themeisle-blocks-sharing-icons-1339a66e {--icons-gap: 8.8px;--border-radius: 32.8px;}<\/style>\n\n\n<div style=\"height:100px\" aria-hidden=\"true\" class=\"wp-block-spacer\"><\/div>\n\n\n<form role=\"search\" method=\"get\" action=\"https:\/\/cdrhpnq-fnhrdcq.ca\/en\/\" class=\"wp-block-search__button-outside wp-block-search__text-button wp-block-search\"    ><label class=\"wp-block-search__label\" for=\"wp-block-search__input-1\" >Rechercher<\/label><div class=\"wp-block-search__inside-wrapper \" ><input class=\"wp-block-search__input\" id=\"wp-block-search__input-1\" placeholder=\"\" value=\"\" type=\"search\" name=\"s\" required \/><button aria-label=\"Rechercher\" class=\"wp-block-search__button wp-element-button\" type=\"submit\" >Rechercher<\/button><\/div><\/form>\n\n<ul class=\"wp-block-latest-posts__list wp-block-latest-posts\"><li><a class=\"wp-block-latest-posts__post-title\" href=\"https:\/\/cdrhpnq-fnhrdcq.ca\/en\/30-years-action-rooted-in-who-we-are\/\">30th anniversary : 30 Years of Action, Rooted in Who We Are<\/a><\/li>\n<li><a class=\"wp-block-latest-posts__post-title\" href=\"https:\/\/cdrhpnq-fnhrdcq.ca\/en\/30th-anniversary-logos-visual-identity-fnhrdcq\/\">30th Anniversary of the FNHRDCQ | Logos and Visual Identity<\/a><\/li>\n<li><a class=\"wp-block-latest-posts__post-title\" href=\"https:\/\/cdrhpnq-fnhrdcq.ca\/en\/eng-gala-rma-2025\/\">GALA RMA 2025: An Evening of Pride, Light and Recognition<\/a><\/li>\n<li><a class=\"wp-block-latest-posts__post-title\" href=\"https:\/\/cdrhpnq-fnhrdcq.ca\/en\/international-education-day\/\">International Education Day<\/a><\/li>\n<li><a class=\"wp-block-latest-posts__post-title\" href=\"https:\/\/cdrhpnq-fnhrdcq.ca\/en\/blog-fnhrdcq\/\">Introduction to FNHRDCQ: Who Are We?\u00a0<\/a><\/li>\n<\/ul>\n\n\n<p><\/p>\n","protected":false},"excerpt":{"rendered":"<p>Our history, objectives, and mission reflect our commitment to improving the quality of life and employment prospects in First Nations communities across Quebec.<\/p>\n","protected":false},"author":11,"featured_media":11856,"comment_status":"closed","ping_status":"closed","sticky":false,"template":"","format":"standard","meta":{"_acf_changed":false,"_themeisle_gutenberg_block_has_review":false,"footnotes":""},"categories":[56,83,218,81,219,220,79,84,1,221,64],"class_list":["post-16238","post","type-post","status-publish","format-standard","has-post-thumbnail","hentry","category-actualites-en","category-actuality","category-emploi-en","category-english-2","category-formation-en","category-francais-en","category-francais","category-news","category-non-classifiee","category-rapports-en","category-ressources-en"],"acf":[],"yoast_head":"<!-- This site is optimized with the Yoast SEO Premium plugin v27.1 (Yoast SEO v27.5) - https:\/\/yoast.com\/product\/yoast-seo-premium-wordpress\/ -->\n<title>International Education Day - CDRHPNQ<\/title>\n<meta name=\"description\" content=\"With 31 centers located in 27 Indigenous communities and 4 urban centers (Montreal, Quebec City, Val-d\u2019Or, and Sept-\u00celes),\" \/>\n<meta name=\"robots\" content=\"index, follow, max-snippet:-1, max-image-preview:large, max-video-preview:-1\" \/>\n<link rel=\"canonical\" href=\"https:\/\/cdrhpnq-fnhrdcq.ca\/en\/international-education-day\/\" \/>\n<meta property=\"og:locale\" content=\"en_US\" \/>\n<meta property=\"og:type\" content=\"article\" \/>\n<meta property=\"og:title\" content=\"International Education Day\" \/>\n<meta property=\"og:description\" content=\"With 31 centers located in 27 Indigenous communities and 4 urban centers (Montreal, Quebec City, Val-d\u2019Or, and Sept-\u00celes),\" \/>\n<meta property=\"og:url\" content=\"https:\/\/cdrhpnq-fnhrdcq.ca\/en\/international-education-day\/\" \/>\n<meta property=\"og:site_name\" content=\"CDRHPNQ\" \/>\n<meta property=\"article:publisher\" content=\"https:\/\/www.facebook.com\/cdrhpnqfnhrdcq\" \/>\n<meta property=\"article:published_time\" content=\"2025-01-14T13:32:10+00:00\" \/>\n<meta property=\"article:modified_time\" content=\"2025-01-14T13:39:20+00:00\" \/>\n<meta property=\"og:image\" content=\"https:\/\/cdrhpnq-fnhrdcq.ca\/wp-content\/uploads\/2024\/04\/pexels-diohasbi-3280130.png\" \/>\n\t<meta property=\"og:image:width\" content=\"1080\" \/>\n\t<meta property=\"og:image:height\" content=\"1080\" \/>\n\t<meta property=\"og:image:type\" content=\"image\/png\" \/>\n<meta name=\"author\" content=\"Karl Picard\" \/>\n<meta name=\"twitter:card\" content=\"summary_large_image\" \/>\n<meta name=\"twitter:label1\" content=\"Written by\" \/>\n\t<meta name=\"twitter:data1\" content=\"Karl Picard\" \/>\n\t<meta name=\"twitter:label2\" content=\"Est. reading time\" \/>\n\t<meta name=\"twitter:data2\" content=\"2 minutes\" \/>\n<!-- \/ Yoast SEO Premium plugin. -->","yoast_head_json":{"title":"International Education Day - CDRHPNQ","description":"With 31 centers located in 27 Indigenous communities and 4 urban centers (Montreal, Quebec City, Val-d\u2019Or, and Sept-\u00celes),","robots":{"index":"index","follow":"follow","max-snippet":"max-snippet:-1","max-image-preview":"max-image-preview:large","max-video-preview":"max-video-preview:-1"},"canonical":"https:\/\/cdrhpnq-fnhrdcq.ca\/en\/international-education-day\/","og_locale":"en_US","og_type":"article","og_title":"International Education Day","og_description":"With 31 centers located in 27 Indigenous communities and 4 urban centers (Montreal, Quebec City, Val-d\u2019Or, and Sept-\u00celes),","og_url":"https:\/\/cdrhpnq-fnhrdcq.ca\/en\/international-education-day\/","og_site_name":"CDRHPNQ","article_publisher":"https:\/\/www.facebook.com\/cdrhpnqfnhrdcq","article_published_time":"2025-01-14T13:32:10+00:00","article_modified_time":"2025-01-14T13:39:20+00:00","og_image":[{"width":1080,"height":1080,"url":"https:\/\/cdrhpnq-fnhrdcq.ca\/wp-content\/uploads\/2024\/04\/pexels-diohasbi-3280130.png","type":"image\/png"}],"author":"Karl Picard","twitter_card":"summary_large_image","twitter_misc":{"Written by":"Karl Picard","Est. reading time":"2 minutes"},"schema":{"@context":"https:\/\/schema.org","@graph":[{"@type":"Article","@id":"https:\/\/cdrhpnq-fnhrdcq.ca\/en\/international-education-day\/#article","isPartOf":{"@id":"https:\/\/cdrhpnq-fnhrdcq.ca\/en\/international-education-day\/"},"author":{"name":"Karl Picard","@id":"https:\/\/cdrhpnq-fnhrdcq.ca\/#\/schema\/person\/b5d3b6ca76784ba5629751dad6e2a0c0"},"headline":"International Education Day","datePublished":"2025-01-14T13:32:10+00:00","dateModified":"2025-01-14T13:39:20+00:00","mainEntityOfPage":{"@id":"https:\/\/cdrhpnq-fnhrdcq.ca\/en\/international-education-day\/"},"wordCount":188,"publisher":{"@id":"https:\/\/cdrhpnq-fnhrdcq.ca\/#organization"},"image":{"@id":"https:\/\/cdrhpnq-fnhrdcq.ca\/en\/international-education-day\/#primaryimage"},"thumbnailUrl":"https:\/\/cdrhpnq-fnhrdcq.ca\/wp-content\/uploads\/2024\/04\/pexels-diohasbi-3280130.png","articleSection":["Actualit\u00e9s","Actuality","Emploi","English","Formation","Fran\u00e7ais","Fran\u00e7ais","News","Non classifi\u00e9(e)","Rapports","Ressources"],"inLanguage":"en-US"},{"@type":"WebPage","@id":"https:\/\/cdrhpnq-fnhrdcq.ca\/en\/international-education-day\/","url":"https:\/\/cdrhpnq-fnhrdcq.ca\/en\/international-education-day\/","name":"International Education Day - CDRHPNQ","isPartOf":{"@id":"https:\/\/cdrhpnq-fnhrdcq.ca\/#website"},"primaryImageOfPage":{"@id":"https:\/\/cdrhpnq-fnhrdcq.ca\/en\/international-education-day\/#primaryimage"},"image":{"@id":"https:\/\/cdrhpnq-fnhrdcq.ca\/en\/international-education-day\/#primaryimage"},"thumbnailUrl":"https:\/\/cdrhpnq-fnhrdcq.ca\/wp-content\/uploads\/2024\/04\/pexels-diohasbi-3280130.png","datePublished":"2025-01-14T13:32:10+00:00","dateModified":"2025-01-14T13:39:20+00:00","description":"With 31 centers located in 27 Indigenous communities and 4 urban centers (Montreal, Quebec City, Val-d\u2019Or, and Sept-\u00celes),","breadcrumb":{"@id":"https:\/\/cdrhpnq-fnhrdcq.ca\/en\/international-education-day\/#breadcrumb"},"inLanguage":"en-US","potentialAction":[{"@type":"ReadAction","target":["https:\/\/cdrhpnq-fnhrdcq.ca\/en\/international-education-day\/"]}]},{"@type":"ImageObject","inLanguage":"en-US","@id":"https:\/\/cdrhpnq-fnhrdcq.ca\/en\/international-education-day\/#primaryimage","url":"https:\/\/cdrhpnq-fnhrdcq.ca\/wp-content\/uploads\/2024\/04\/pexels-diohasbi-3280130.png","contentUrl":"https:\/\/cdrhpnq-fnhrdcq.ca\/wp-content\/uploads\/2024\/04\/pexels-diohasbi-3280130.png","width":1080,"height":1080},{"@type":"BreadcrumbList","@id":"https:\/\/cdrhpnq-fnhrdcq.ca\/en\/international-education-day\/#breadcrumb","itemListElement":[{"@type":"ListItem","position":1,"name":"Accueil","item":"https:\/\/cdrhpnq-fnhrdcq.ca\/en\/"},{"@type":"ListItem","position":2,"name":"International Education Day"}]},{"@type":"WebSite","@id":"https:\/\/cdrhpnq-fnhrdcq.ca\/#website","url":"https:\/\/cdrhpnq-fnhrdcq.ca\/","name":"CDRHPNQ-FNRHPNQ","description":"","publisher":{"@id":"https:\/\/cdrhpnq-fnhrdcq.ca\/#organization"},"potentialAction":[{"@type":"SearchAction","target":{"@type":"EntryPoint","urlTemplate":"https:\/\/cdrhpnq-fnhrdcq.ca\/?s={search_term_string}"},"query-input":{"@type":"PropertyValueSpecification","valueRequired":true,"valueName":"search_term_string"}}],"inLanguage":"en-US"},{"@type":"Organization","@id":"https:\/\/cdrhpnq-fnhrdcq.ca\/#organization","name":"CDRHPNQ-FNRHPNQ","url":"https:\/\/cdrhpnq-fnhrdcq.ca\/","logo":{"@type":"ImageObject","inLanguage":"en-US","@id":"https:\/\/cdrhpnq-fnhrdcq.ca\/#\/schema\/logo\/image\/","url":"https:\/\/cdrhpnq-fnhrdcq.ca\/wp-content\/uploads\/2023\/04\/og_cdrhpnq.jpg","contentUrl":"https:\/\/cdrhpnq-fnhrdcq.ca\/wp-content\/uploads\/2023\/04\/og_cdrhpnq.jpg","width":1200,"height":630,"caption":"CDRHPNQ-FNRHPNQ"},"image":{"@id":"https:\/\/cdrhpnq-fnhrdcq.ca\/#\/schema\/logo\/image\/"},"sameAs":["https:\/\/www.facebook.com\/cdrhpnqfnhrdcq"]},{"@type":"Person","@id":"https:\/\/cdrhpnq-fnhrdcq.ca\/#\/schema\/person\/b5d3b6ca76784ba5629751dad6e2a0c0","name":"Karl Picard","image":{"@type":"ImageObject","inLanguage":"en-US","@id":"https:\/\/secure.gravatar.com\/avatar\/8283771cfea12982442ca69d6363d69710101c6a22e71f0d244e88450146cb6c?s=96&d=mm&r=g","url":"https:\/\/secure.gravatar.com\/avatar\/8283771cfea12982442ca69d6363d69710101c6a22e71f0d244e88450146cb6c?s=96&d=mm&r=g","contentUrl":"https:\/\/secure.gravatar.com\/avatar\/8283771cfea12982442ca69d6363d69710101c6a22e71f0d244e88450146cb6c?s=96&d=mm&r=g","caption":"Karl Picard"},"url":"https:\/\/cdrhpnq-fnhrdcq.ca\/en\/author\/karlcom\/"}]}},"_links":{"self":[{"href":"https:\/\/cdrhpnq-fnhrdcq.ca\/en\/wp-json\/wp\/v2\/posts\/16238","targetHints":{"allow":["GET"]}}],"collection":[{"href":"https:\/\/cdrhpnq-fnhrdcq.ca\/en\/wp-json\/wp\/v2\/posts"}],"about":[{"href":"https:\/\/cdrhpnq-fnhrdcq.ca\/en\/wp-json\/wp\/v2\/types\/post"}],"author":[{"embeddable":true,"href":"https:\/\/cdrhpnq-fnhrdcq.ca\/en\/wp-json\/wp\/v2\/users\/11"}],"replies":[{"embeddable":true,"href":"https:\/\/cdrhpnq-fnhrdcq.ca\/en\/wp-json\/wp\/v2\/comments?post=16238"}],"version-history":[{"count":1,"href":"https:\/\/cdrhpnq-fnhrdcq.ca\/en\/wp-json\/wp\/v2\/posts\/16238\/revisions"}],"predecessor-version":[{"id":16261,"href":"https:\/\/cdrhpnq-fnhrdcq.ca\/en\/wp-json\/wp\/v2\/posts\/16238\/revisions\/16261"}],"wp:featuredmedia":[{"embeddable":true,"href":"https:\/\/cdrhpnq-fnhrdcq.ca\/en\/wp-json\/wp\/v2\/media\/11856"}],"wp:attachment":[{"href":"https:\/\/cdrhpnq-fnhrdcq.ca\/en\/wp-json\/wp\/v2\/media?parent=16238"}],"wp:term":[{"taxonomy":"category","embeddable":true,"href":"https:\/\/cdrhpnq-fnhrdcq.ca\/en\/wp-json\/wp\/v2\/categories?post=16238"}],"curies":[{"name":"wp","href":"https:\/\/api.w.org\/{rel}","templated":true}]}}