{"id":12883,"date":"2024-06-17T07:51:36","date_gmt":"2024-06-17T11:51:36","guid":{"rendered":"https:\/\/cdrhpnq-fnhrdcq.ca\/?p=12883"},"modified":"2024-06-17T08:00:18","modified_gmt":"2024-06-17T12:00:18","slug":"blog-mamu-fair-2024","status":"publish","type":"post","link":"https:\/\/cdrhpnq-fnhrdcq.ca\/en\/blog-mamu-fair-2024\/","title":{"rendered":"Blog: Mamu Fair 2024 &#8211; An Unforgettable Event for Indigenous Communities\u00a0"},"content":{"rendered":"\n<div style=\"height:100px\" aria-hidden=\"true\" class=\"wp-block-spacer\"><\/div>\n\n\n\n<p class=\"has-large-font-size\"><strong>Blog: Mamu Fair 2024 &#8211; An Unforgettable Event for Indigenous Communities&nbsp;<\/strong><\/p>\n\n\n\n<p class=\"has-large-font-size\">June 7, 2024, marked an exceptional day for Indigenous communities with the Mamu Fair 2024. This major event brought together community leaders, business partners, students, and community members for a day of networking, sharing professional opportunities, and celebrating achievements. Thanks to the active participation and generous support of everyone, the Mamu Fair was a resounding success.&nbsp;<\/p>\n\n\n\n<p class=\"has-large-font-size\"><strong>A Networking and Discovery Event<\/strong>&nbsp;<\/p>\n\n\n\n<p class=\"has-large-font-size\">The Mamu Fair 2024 was designed to provide a unique platform where Indigenous community members could connect with businesses, discover job and training opportunities, and share their experiences and aspirations. This day strengthened the bonds among various stakeholders and promoted professional development within Indigenous communities.&nbsp;<\/p>\n\n\n\n<p class=\"has-large-font-size\">The fruitful exchanges and enriching encounters marked this day as a key moment for networking and discovery.&nbsp;<\/p>\n\n\n\n<p class=\"has-large-font-size\"><strong>Thanks to Partners and Participants<\/strong>&nbsp;<\/p>\n\n\n\n<p class=\"has-large-font-size\">We express our deepest gratitude to all the partners who supported the Mamu Fair 2024. Their commitment to Indigenous communities and their investment in the future of these communities were essential to the success of this event. Thanks also to all the participants for their presence and active contribution.&nbsp;<\/p>\n\n\n\n<p class=\"has-large-font-size\"><strong>Vox Pop Capsules and Interviews<\/strong>&nbsp;<\/p>\n\n\n\n<p class=\"has-large-font-size\">To extend the experience of the Mamu Fair, we recorded vox pop capsules and interviews throughout the day. These videos will highlight key moments, participants&#8217; reactions, and inspiring testimonials. Stay tuned to discover these capsules and relive the memorable moments of the event.&nbsp;<\/p>\n\n\n\n<p class=\"has-large-font-size\"><strong>Impact and Repercussions<\/strong>&nbsp;<\/p>\n\n\n\n<p class=\"has-large-font-size\">The Mamu Fair 2024 had a significant impact on all participants. By providing a platform for networking and sharing professional opportunities, this event strengthened the sense of pride and belonging within Indigenous communities. It also highlighted the importance of supporting and promoting the talents and skills of Indigenous people.&nbsp;<\/p>\n\n\n\n<p class=\"has-large-font-size\">Positive feedback and testimonials collected demonstrate the importance of such events for the development and recognition of Indigenous talents. The Mamu Fair successfully created a space where professional aspirations can be shared and encouraged.&nbsp;<\/p>\n\n\n\n<p class=\"has-large-font-size\"><strong>Conclusion<\/strong>&nbsp;<\/p>\n\n\n\n<p class=\"has-large-font-size\">The Mamu Fair 2024 was an extraordinary day filled with moments of networking, discovery, and celebration. We warmly thank everyone who participated and contributed to this memorable event. Because of you, we were able to honor and celebrate the achievements of Indigenous communities in a meaningful way. We look forward to sharing with you the video capsules and interviews conducted during this exceptional day.&nbsp;<\/p>\n\n\n\n<p class=\"has-large-font-size\">Together, let\u2019s continue to support and promote excellence within Indigenous communities. Stay connected for more updates and inspiring stories from the Mamu Fair.\u00a0<\/p>\n\n\n\n<div style=\"height:100px\" aria-hidden=\"true\" class=\"wp-block-spacer\"><\/div>\n\n\n<div class=\"wp-block-themeisle-blocks-posts-grid\" id=\"wp-block-themeisle-blocks-posts-grid-2272ece1\"><div class=\"is-list\"><div class=\"o-posts-grid-post-blog o-posts-grid-post-plain\"><div class=\"o-posts-grid-post\"><div class=\"o-posts-grid-post-image\"><a href=\"https:\/\/cdrhpnq-fnhrdcq.ca\/en\/30th-anniversary-logos-visual-identity-fnhrdcq\/\"><img loading=\"lazy\" decoding=\"async\" width=\"2133\" height=\"1600\" src=\"https:\/\/cdrhpnq-fnhrdcq.ca\/wp-content\/uploads\/2026\/02\/thumbnail_1024x758px.jpg\" class=\"attachment-full size-full\" alt=\"30th Anniversary of the FNHRDCQ | Logos and Visual Identity\" srcset=\"https:\/\/cdrhpnq-fnhrdcq.ca\/wp-content\/uploads\/2026\/02\/thumbnail_1024x758px.jpg 2133w, https:\/\/cdrhpnq-fnhrdcq.ca\/wp-content\/uploads\/2026\/02\/thumbnail_1024x758px-300x225.jpg 300w, https:\/\/cdrhpnq-fnhrdcq.ca\/wp-content\/uploads\/2026\/02\/thumbnail_1024x758px-1024x768.jpg 1024w, https:\/\/cdrhpnq-fnhrdcq.ca\/wp-content\/uploads\/2026\/02\/thumbnail_1024x758px-768x576.jpg 768w, https:\/\/cdrhpnq-fnhrdcq.ca\/wp-content\/uploads\/2026\/02\/thumbnail_1024x758px-1536x1152.jpg 1536w, https:\/\/cdrhpnq-fnhrdcq.ca\/wp-content\/uploads\/2026\/02\/thumbnail_1024x758px-2000x1500.jpg 2000w\" sizes=\"(max-width: 2133px) 100vw, 2133px\" \/><\/a><\/div><div class=\"o-posts-grid-post-body\"><span class=\"o-posts-grid-post-category\"><a href=\"https:\/\/cdrhpnq-fnhrdcq.ca\/en\/category\/actualites-en\/\">Actualit\u00e9s<\/a><\/span><h4 class=\"o-posts-grid-post-title\"><a href=\"https:\/\/cdrhpnq-fnhrdcq.ca\/en\/30th-anniversary-logos-visual-identity-fnhrdcq\/\">30th Anniversary of the FNHRDCQ | Logos and Visual Identity<\/a><\/h4><p class=\"o-posts-grid-post-meta\">Posted on <time datetime=\"2026-02-20T11:22:53-05:00\">February 20, 2026<\/time> by <a href=\"https:\/\/cdrhpnq-fnhrdcq.ca\/en\/author\/karlcom\/\">Karl Picard<\/a><\/p><div class=\"o-posts-grid-post-description\"><p>Pour souligner le 30e anniversaire de la CDRHPNQ, on revient \u00e0 l&#039;essentiel : notre identit\u00e9 visuelle\u2026<\/p><\/div><\/div><\/div><\/div><div class=\"o-posts-grid-post-blog o-posts-grid-post-plain\"><div class=\"o-posts-grid-post\"><div class=\"o-posts-grid-post-image\"><a href=\"https:\/\/cdrhpnq-fnhrdcq.ca\/en\/30-years-action-rooted-in-who-we-are\/\"><img loading=\"lazy\" decoding=\"async\" width=\"933\" height=\"534\" src=\"https:\/\/cdrhpnq-fnhrdcq.ca\/wp-content\/uploads\/2026\/04\/28avril_slogan30e_en-1-e1777303234467.jpg\" class=\"attachment-full size-full\" alt=\"30th anniversary : 30 Years of Action, Rooted in Who We Are\" srcset=\"https:\/\/cdrhpnq-fnhrdcq.ca\/wp-content\/uploads\/2026\/04\/28avril_slogan30e_en-1-e1777303234467.jpg 933w, https:\/\/cdrhpnq-fnhrdcq.ca\/wp-content\/uploads\/2026\/04\/28avril_slogan30e_en-1-e1777303234467-300x172.jpg 300w, https:\/\/cdrhpnq-fnhrdcq.ca\/wp-content\/uploads\/2026\/04\/28avril_slogan30e_en-1-e1777303234467-768x440.jpg 768w\" sizes=\"(max-width: 933px) 100vw, 933px\" \/><\/a><\/div><div class=\"o-posts-grid-post-body\"><span class=\"o-posts-grid-post-category\"><a href=\"https:\/\/cdrhpnq-fnhrdcq.ca\/en\/category\/30e-anniversaire\/\">30e anniversaire<\/a><\/span><h4 class=\"o-posts-grid-post-title\"><a href=\"https:\/\/cdrhpnq-fnhrdcq.ca\/en\/30-years-action-rooted-in-who-we-are\/\">30th anniversary : 30 Years of Action, Rooted in Who We Are<\/a><\/h4><p class=\"o-posts-grid-post-meta\">Posted on <time datetime=\"2026-04-27T11:25:14-04:00\">April 27, 2026<\/time> by <a href=\"https:\/\/cdrhpnq-fnhrdcq.ca\/en\/author\/karlcom\/\">Karl Picard<\/a><\/p><div class=\"o-posts-grid-post-description\"><p>To mark our 30th anniversary, we are introducing a slogan that reflects our journey, our commitment \u2026<\/p><\/div><\/div><\/div><\/div><\/div> <\/div>\n\n\n<div style=\"height:100px\" aria-hidden=\"true\" class=\"wp-block-spacer\"><\/div>\n\n\n\n<div id=\"wp-block-themeisle-blocks-advanced-columns-2c60bc77\" class=\"wp-block-themeisle-blocks-advanced-columns alignfull has-1-columns has-desktop-equal-layout has-tablet-equal-layout has-mobile-collapsedRows-layout has-reverse-columns-mobile has-vertical-center ticss-c00aadba animated fadeIn delay-500ms\"><div class=\"wp-block-themeisle-blocks-advanced-columns-overlay\"><\/div><div class=\"innerblocks-wrap\">\n<div id=\"wp-block-themeisle-blocks-advanced-column-75b9263d\" class=\"wp-block-themeisle-blocks-advanced-column\">\n<h1 id=\"wp-block-themeisle-blocks-advanced-heading-5d5675df\" class=\"wp-block-themeisle-blocks-advanced-heading wp-block-themeisle-blocks-advanced-heading-5d5675df\">Join us<\/h1>\n\n\n\n<div class=\"wp-block-buttons is-content-justification-center is-layout-flex wp-container-core-buttons-is-layout-16018d1d wp-block-buttons-is-layout-flex\">\n<div class=\"wp-block-button is-style-fill\"><a class=\"wp-block-button__link has-grey-200-background-color has-background wp-element-button\" href=\"https:\/\/www.facebook.com\/cdrhpnqfnhrdcq\/\" target=\"_blank\" rel=\"noreferrer noopener\">Join our Facebook page<\/a><\/div>\n<\/div>\n<\/div>\n<\/div><\/div>\n\n\n\n<div style=\"height:100px\" aria-hidden=\"true\" class=\"wp-block-spacer\"><\/div>\n\n\n<div class=\"aligncenter is-style-icons animated fadeIn delay-2s wp-block-themeisle-blocks-sharing-icons\" id=\"wp-block-themeisle-blocks-sharing-icons-1c0444dc\"><div class=\"social-icons-wrap\"><a class=\"social-icon is-facebook\" aria-label=\"Share on Facebook\" href=\"https:\/\/www.facebook.com\/sharer\/sharer.php?u=https:\/\/cdrhpnq-fnhrdcq.ca\/en\/wp-json\/wp\/v2\/posts\/12883&#038;title=Blog:%20Mamu%20Fair%202024%20&#8211;%20An%20Unforgettable%20Event%20for%20Indigenous%20Communities\u00a0\" target=\"_blank\"><svg aria-hidden=\"true\" xmlns=\"http:\/\/www.w3.org\/2000\/svg\" viewBox=\"0 0 512 512\"><!--!Font Awesome Free 6.6.0 by @fontawesome - https:\/\/fontawesome.com License - https:\/\/fontawesome.com\/license\/free Copyright 2024 Fonticons, Inc.--><path d=\"M512 256C512 114.6 397.4 0 256 0S0 114.6 0 256C0 376 82.7 476.8 194.2 504.5V334.2H141.4V256h52.8V222.3c0-87.1 39.4-127.5 125-127.5c16.2 0 44.2 3.2 55.7 6.4V172c-6-.6-16.5-1-29.6-1c-42 0-58.2 15.9-58.2 57.2V256h83.6l-14.4 78.2H287V510.1C413.8 494.8 512 386.9 512 256h0z\"\/><\/svg><span class=\"v-line\"><\/span><\/a><a class=\"social-icon is-linkedin\" aria-label=\"Share on LinkedIn\" href=\"https:\/\/www.linkedin.com\/shareArticle?mini=true&#038;url=https:\/\/cdrhpnq-fnhrdcq.ca\/en\/wp-json\/wp\/v2\/posts\/12883&#038;title=Blog:%20Mamu%20Fair%202024%20&#8211;%20An%20Unforgettable%20Event%20for%20Indigenous%20Communities\u00a0\" target=\"_blank\"><svg aria-hidden=\"true\" xmlns=\"http:\/\/www.w3.org\/2000\/svg\" viewBox=\"0 0 448 512\"><!--!Font Awesome Free 6.6.0 by @fontawesome - https:\/\/fontawesome.com License - https:\/\/fontawesome.com\/license\/free Copyright 2024 Fonticons, Inc.--><path d=\"M100.3 448H7.4V148.9h92.9zM53.8 108.1C24.1 108.1 0 83.5 0 53.8a53.8 53.8 0 0 1 107.6 0c0 29.7-24.1 54.3-53.8 54.3zM447.9 448h-92.7V302.4c0-34.7-.7-79.2-48.3-79.2-48.3 0-55.7 37.7-55.7 76.7V448h-92.8V148.9h89.1v40.8h1.3c12.4-23.5 42.7-48.3 87.9-48.3 94 0 111.3 61.9 111.3 142.3V448z\"\/><\/svg><span class=\"v-line\"><\/span><\/a><a class=\"social-icon is-email\" aria-label=\"Share via Email\" href=\"mailto:?subject=Blog:%20Mamu%20Fair%202024%20&#8211;%20An%20Unforgettable%20Event%20for%20Indigenous%20Communities\u00a0&#038;body=https:\/\/cdrhpnq-fnhrdcq.ca\/en\/wp-json\/wp\/v2\/posts\/12883\" target=\"_blank\"><svg aria-hidden=\"true\" xmlns=\"http:\/\/www.w3.org\/2000\/svg\" viewBox=\"0 0 512 512\"><!--!Font Awesome Free 6.6.0 by @fontawesome - https:\/\/fontawesome.com License - https:\/\/fontawesome.com\/license\/free Copyright 2024 Fonticons, Inc.--><path d=\"M48 64C21.5 64 0 85.5 0 112c0 15.1 7.1 29.3 19.2 38.4L236.8 313.6c11.4 8.5 27 8.5 38.4 0L492.8 150.4c12.1-9.1 19.2-23.3 19.2-38.4c0-26.5-21.5-48-48-48L48 64zM0 176L0 384c0 35.3 28.7 64 64 64l384 0c35.3 0 64-28.7 64-64l0-208L294.4 339.2c-22.8 17.1-54 17.1-76.8 0L0 176z\"\/><\/svg><span class=\"v-line\"><\/span><\/a><a class=\"social-icon is-comments\" aria-label=\"Leave a comment\" href=\"#respond\"><svg aria-hidden=\"true\" xmlns=\"http:\/\/www.w3.org\/2000\/svg\" viewBox=\"0 0 640 512\"><!--!Font Awesome Free 6.6.0 by @fontawesome - https:\/\/fontawesome.com License - https:\/\/fontawesome.com\/license\/free Copyright 2024 Fonticons, Inc.--><path d=\"M88.2 309.1c9.8-18.3 6.8-40.8-7.5-55.8C59.4 230.9 48 204 48 176c0-63.5 63.8-128 160-128s160 64.5 160 128s-63.8 128-160 128c-13.1 0-25.8-1.3-37.8-3.6c-10.4-2-21.2-.6-30.7 4.2c-4.1 2.1-8.3 4.1-12.6 6c-16 7.2-32.9 13.5-49.9 18c2.8-4.6 5.4-9.1 7.9-13.6c1.1-1.9 2.2-3.9 3.2-5.9zM208 352c114.9 0 208-78.8 208-176S322.9 0 208 0S0 78.8 0 176c0 41.8 17.2 80.1 45.9 110.3c-.9 1.7-1.9 3.5-2.8 5.1c-10.3 18.4-22.3 36.5-36.6 52.1c-6.6 7-8.3 17.2-4.6 25.9C5.8 378.3 14.4 384 24 384c43 0 86.5-13.3 122.7-29.7c4.8-2.2 9.6-4.5 14.2-6.8c15.1 3 30.9 4.5 47.1 4.5zM432 480c16.2 0 31.9-1.6 47.1-4.5c4.6 2.3 9.4 4.6 14.2 6.8C529.5 498.7 573 512 616 512c9.6 0 18.2-5.7 22-14.5c3.8-8.8 2-19-4.6-25.9c-14.2-15.6-26.2-33.7-36.6-52.1c-.9-1.7-1.9-3.4-2.8-5.1C622.8 384.1 640 345.8 640 304c0-94.4-87.9-171.5-198.2-175.8c4.1 15.2 6.2 31.2 6.2 47.8l0 .6c87.2 6.7 144 67.5 144 127.4c0 28-11.4 54.9-32.7 77.2c-14.3 15-17.3 37.6-7.5 55.8c1.1 2 2.2 4 3.2 5.9c2.5 4.5 5.2 9 7.9 13.6c-17-4.5-33.9-10.7-49.9-18c-4.3-1.9-8.5-3.9-12.6-6c-9.5-4.8-20.3-6.2-30.7-4.2c-12.1 2.4-24.8 3.6-37.8 3.6c-61.7 0-110-26.5-136.8-62.3c-16 5.4-32.8 9.4-50 11.8C279 439.8 350 480 432 480z\"\/><\/svg><span class=\"v-line\"><\/span><\/a><\/div><\/div><style type=\"text\/css\">#wp-block-themeisle-blocks-sharing-icons-1c0444dc {--icons-gap: 8.8px;--border-radius: 32.8px;}<\/style>","protected":false},"excerpt":{"rendered":"<p>Together, let\u2019s continue to support and promote excellence within Indigenous communities. Stay connected for more updates and inspiring stories from the Mamu Fair.\u00a0<\/p>\n","protected":false},"author":11,"featured_media":11773,"comment_status":"closed","ping_status":"closed","sticky":false,"template":"","format":"standard","meta":{"_acf_changed":false,"_themeisle_gutenberg_block_has_review":false,"footnotes":""},"categories":[56,83,218,81,220,79,84,64],"class_list":["post-12883","post","type-post","status-publish","format-standard","has-post-thumbnail","hentry","category-actualites-en","category-actuality","category-emploi-en","category-english-2","category-francais-en","category-francais","category-news","category-ressources-en"],"acf":[],"yoast_head":"<!-- This site is optimized with the Yoast SEO Premium plugin v27.1 (Yoast SEO v27.5) - https:\/\/yoast.com\/product\/yoast-seo-premium-wordpress\/ -->\n<title>Blog: Mamu Fair 2024 - An Unforgettable Event for Indigenous Communities\u00a0 - CDRHPNQ<\/title>\n<meta name=\"description\" content=\"Blog: Mamu Fair 2024 - An Unforgettable Event for Indigenous Communities\u00a0\" \/>\n<meta name=\"robots\" content=\"index, follow, max-snippet:-1, max-image-preview:large, max-video-preview:-1\" \/>\n<link rel=\"canonical\" href=\"https:\/\/cdrhpnq-fnhrdcq.ca\/en\/blog-mamu-fair-2024\/\" \/>\n<meta property=\"og:locale\" content=\"en_US\" \/>\n<meta property=\"og:type\" content=\"article\" \/>\n<meta property=\"og:title\" content=\"Blog: Mamu Fair 2024 - An Unforgettable Event for Indigenous Communities\u00a0\" \/>\n<meta property=\"og:description\" content=\"Blog: Mamu Fair 2024 - An Unforgettable Event for Indigenous Communities\u00a0\" \/>\n<meta property=\"og:url\" content=\"https:\/\/cdrhpnq-fnhrdcq.ca\/en\/blog-mamu-fair-2024\/\" \/>\n<meta property=\"og:site_name\" content=\"CDRHPNQ\" \/>\n<meta property=\"article:publisher\" content=\"https:\/\/www.facebook.com\/cdrhpnqfnhrdcq\" \/>\n<meta property=\"article:published_time\" content=\"2024-06-17T11:51:36+00:00\" \/>\n<meta property=\"article:modified_time\" content=\"2024-06-17T12:00:18+00:00\" \/>\n<meta property=\"og:image\" content=\"https:\/\/cdrhpnq-fnhrdcq.ca\/wp-content\/uploads\/2024\/04\/mamu-2024_vertical-simple.png\" \/>\n\t<meta property=\"og:image:width\" content=\"1200\" \/>\n\t<meta property=\"og:image:height\" content=\"900\" \/>\n\t<meta property=\"og:image:type\" content=\"image\/png\" \/>\n<meta name=\"author\" content=\"Karl Picard\" \/>\n<meta name=\"twitter:card\" content=\"summary_large_image\" \/>\n<meta name=\"twitter:label1\" content=\"Written by\" \/>\n\t<meta name=\"twitter:data1\" content=\"Karl Picard\" \/>\n\t<meta name=\"twitter:label2\" content=\"Est. reading time\" \/>\n\t<meta name=\"twitter:data2\" content=\"3 minutes\" \/>\n<!-- \/ Yoast SEO Premium plugin. -->","yoast_head_json":{"title":"Blog: Mamu Fair 2024 - An Unforgettable Event for Indigenous Communities\u00a0 - CDRHPNQ","description":"Blog: Mamu Fair 2024 - An Unforgettable Event for Indigenous Communities\u00a0","robots":{"index":"index","follow":"follow","max-snippet":"max-snippet:-1","max-image-preview":"max-image-preview:large","max-video-preview":"max-video-preview:-1"},"canonical":"https:\/\/cdrhpnq-fnhrdcq.ca\/en\/blog-mamu-fair-2024\/","og_locale":"en_US","og_type":"article","og_title":"Blog: Mamu Fair 2024 - An Unforgettable Event for Indigenous Communities\u00a0","og_description":"Blog: Mamu Fair 2024 - An Unforgettable Event for Indigenous Communities\u00a0","og_url":"https:\/\/cdrhpnq-fnhrdcq.ca\/en\/blog-mamu-fair-2024\/","og_site_name":"CDRHPNQ","article_publisher":"https:\/\/www.facebook.com\/cdrhpnqfnhrdcq","article_published_time":"2024-06-17T11:51:36+00:00","article_modified_time":"2024-06-17T12:00:18+00:00","og_image":[{"width":1200,"height":900,"url":"https:\/\/cdrhpnq-fnhrdcq.ca\/wp-content\/uploads\/2024\/04\/mamu-2024_vertical-simple.png","type":"image\/png"}],"author":"Karl Picard","twitter_card":"summary_large_image","twitter_misc":{"Written by":"Karl Picard","Est. reading time":"3 minutes"},"schema":{"@context":"https:\/\/schema.org","@graph":[{"@type":"Article","@id":"https:\/\/cdrhpnq-fnhrdcq.ca\/en\/blog-mamu-fair-2024\/#article","isPartOf":{"@id":"https:\/\/cdrhpnq-fnhrdcq.ca\/en\/blog-mamu-fair-2024\/"},"author":{"name":"Karl Picard","@id":"https:\/\/cdrhpnq-fnhrdcq.ca\/#\/schema\/person\/b5d3b6ca76784ba5629751dad6e2a0c0"},"headline":"Blog: Mamu Fair 2024 &#8211; An Unforgettable Event for Indigenous Communities\u00a0","datePublished":"2024-06-17T11:51:36+00:00","dateModified":"2024-06-17T12:00:18+00:00","mainEntityOfPage":{"@id":"https:\/\/cdrhpnq-fnhrdcq.ca\/en\/blog-mamu-fair-2024\/"},"wordCount":433,"publisher":{"@id":"https:\/\/cdrhpnq-fnhrdcq.ca\/#organization"},"image":{"@id":"https:\/\/cdrhpnq-fnhrdcq.ca\/en\/blog-mamu-fair-2024\/#primaryimage"},"thumbnailUrl":"https:\/\/cdrhpnq-fnhrdcq.ca\/wp-content\/uploads\/2024\/04\/mamu-2024_carre_1-sur-3.png","articleSection":["Actualit\u00e9s","Actuality","Emploi","English","Fran\u00e7ais","Fran\u00e7ais","News","Ressources"],"inLanguage":"en-US"},{"@type":"WebPage","@id":"https:\/\/cdrhpnq-fnhrdcq.ca\/en\/blog-mamu-fair-2024\/","url":"https:\/\/cdrhpnq-fnhrdcq.ca\/en\/blog-mamu-fair-2024\/","name":"Blog: Mamu Fair 2024 - An Unforgettable Event for Indigenous Communities\u00a0 - CDRHPNQ","isPartOf":{"@id":"https:\/\/cdrhpnq-fnhrdcq.ca\/#website"},"primaryImageOfPage":{"@id":"https:\/\/cdrhpnq-fnhrdcq.ca\/en\/blog-mamu-fair-2024\/#primaryimage"},"image":{"@id":"https:\/\/cdrhpnq-fnhrdcq.ca\/en\/blog-mamu-fair-2024\/#primaryimage"},"thumbnailUrl":"https:\/\/cdrhpnq-fnhrdcq.ca\/wp-content\/uploads\/2024\/04\/mamu-2024_carre_1-sur-3.png","datePublished":"2024-06-17T11:51:36+00:00","dateModified":"2024-06-17T12:00:18+00:00","description":"Blog: Mamu Fair 2024 - An Unforgettable Event for Indigenous Communities\u00a0","breadcrumb":{"@id":"https:\/\/cdrhpnq-fnhrdcq.ca\/en\/blog-mamu-fair-2024\/#breadcrumb"},"inLanguage":"en-US","potentialAction":[{"@type":"ReadAction","target":["https:\/\/cdrhpnq-fnhrdcq.ca\/en\/blog-mamu-fair-2024\/"]}]},{"@type":"ImageObject","inLanguage":"en-US","@id":"https:\/\/cdrhpnq-fnhrdcq.ca\/en\/blog-mamu-fair-2024\/#primaryimage","url":"https:\/\/cdrhpnq-fnhrdcq.ca\/wp-content\/uploads\/2024\/04\/mamu-2024_carre_1-sur-3.png","contentUrl":"https:\/\/cdrhpnq-fnhrdcq.ca\/wp-content\/uploads\/2024\/04\/mamu-2024_carre_1-sur-3.png","width":900,"height":900},{"@type":"BreadcrumbList","@id":"https:\/\/cdrhpnq-fnhrdcq.ca\/en\/blog-mamu-fair-2024\/#breadcrumb","itemListElement":[{"@type":"ListItem","position":1,"name":"Accueil","item":"https:\/\/cdrhpnq-fnhrdcq.ca\/en\/"},{"@type":"ListItem","position":2,"name":"Blog: Mamu Fair 2024 &#8211; An Unforgettable Event for Indigenous Communities\u00a0"}]},{"@type":"WebSite","@id":"https:\/\/cdrhpnq-fnhrdcq.ca\/#website","url":"https:\/\/cdrhpnq-fnhrdcq.ca\/","name":"CDRHPNQ-FNRHPNQ","description":"","publisher":{"@id":"https:\/\/cdrhpnq-fnhrdcq.ca\/#organization"},"potentialAction":[{"@type":"SearchAction","target":{"@type":"EntryPoint","urlTemplate":"https:\/\/cdrhpnq-fnhrdcq.ca\/?s={search_term_string}"},"query-input":{"@type":"PropertyValueSpecification","valueRequired":true,"valueName":"search_term_string"}}],"inLanguage":"en-US"},{"@type":"Organization","@id":"https:\/\/cdrhpnq-fnhrdcq.ca\/#organization","name":"CDRHPNQ-FNRHPNQ","url":"https:\/\/cdrhpnq-fnhrdcq.ca\/","logo":{"@type":"ImageObject","inLanguage":"en-US","@id":"https:\/\/cdrhpnq-fnhrdcq.ca\/#\/schema\/logo\/image\/","url":"https:\/\/cdrhpnq-fnhrdcq.ca\/wp-content\/uploads\/2023\/04\/og_cdrhpnq.jpg","contentUrl":"https:\/\/cdrhpnq-fnhrdcq.ca\/wp-content\/uploads\/2023\/04\/og_cdrhpnq.jpg","width":1200,"height":630,"caption":"CDRHPNQ-FNRHPNQ"},"image":{"@id":"https:\/\/cdrhpnq-fnhrdcq.ca\/#\/schema\/logo\/image\/"},"sameAs":["https:\/\/www.facebook.com\/cdrhpnqfnhrdcq"]},{"@type":"Person","@id":"https:\/\/cdrhpnq-fnhrdcq.ca\/#\/schema\/person\/b5d3b6ca76784ba5629751dad6e2a0c0","name":"Karl Picard","image":{"@type":"ImageObject","inLanguage":"en-US","@id":"https:\/\/secure.gravatar.com\/avatar\/8283771cfea12982442ca69d6363d69710101c6a22e71f0d244e88450146cb6c?s=96&d=mm&r=g","url":"https:\/\/secure.gravatar.com\/avatar\/8283771cfea12982442ca69d6363d69710101c6a22e71f0d244e88450146cb6c?s=96&d=mm&r=g","contentUrl":"https:\/\/secure.gravatar.com\/avatar\/8283771cfea12982442ca69d6363d69710101c6a22e71f0d244e88450146cb6c?s=96&d=mm&r=g","caption":"Karl Picard"},"url":"https:\/\/cdrhpnq-fnhrdcq.ca\/en\/author\/karlcom\/"}]}},"_links":{"self":[{"href":"https:\/\/cdrhpnq-fnhrdcq.ca\/en\/wp-json\/wp\/v2\/posts\/12883","targetHints":{"allow":["GET"]}}],"collection":[{"href":"https:\/\/cdrhpnq-fnhrdcq.ca\/en\/wp-json\/wp\/v2\/posts"}],"about":[{"href":"https:\/\/cdrhpnq-fnhrdcq.ca\/en\/wp-json\/wp\/v2\/types\/post"}],"author":[{"embeddable":true,"href":"https:\/\/cdrhpnq-fnhrdcq.ca\/en\/wp-json\/wp\/v2\/users\/11"}],"replies":[{"embeddable":true,"href":"https:\/\/cdrhpnq-fnhrdcq.ca\/en\/wp-json\/wp\/v2\/comments?post=12883"}],"version-history":[{"count":2,"href":"https:\/\/cdrhpnq-fnhrdcq.ca\/en\/wp-json\/wp\/v2\/posts\/12883\/revisions"}],"predecessor-version":[{"id":12892,"href":"https:\/\/cdrhpnq-fnhrdcq.ca\/en\/wp-json\/wp\/v2\/posts\/12883\/revisions\/12892"}],"wp:featuredmedia":[{"embeddable":true,"href":"https:\/\/cdrhpnq-fnhrdcq.ca\/en\/wp-json\/wp\/v2\/media\/11773"}],"wp:attachment":[{"href":"https:\/\/cdrhpnq-fnhrdcq.ca\/en\/wp-json\/wp\/v2\/media?parent=12883"}],"wp:term":[{"taxonomy":"category","embeddable":true,"href":"https:\/\/cdrhpnq-fnhrdcq.ca\/en\/wp-json\/wp\/v2\/categories?post=12883"}],"curies":[{"name":"wp","href":"https:\/\/api.w.org\/{rel}","templated":true}]}}